{"id":1598,"date":"2021-01-22T15:10:32","date_gmt":"2021-01-22T18:10:32","guid":{"rendered":"https:\/\/advancys.com.ar\/blog-advancys\/?p=1598"},"modified":"2021-01-22T15:10:32","modified_gmt":"2021-01-22T18:10:32","slug":"el-enfoque-agil-implica-hacer-cambios-profundos","status":"publish","type":"post","link":"https:\/\/advancys.com.ar\/blog-advancys\/el-enfoque-agil-implica-hacer-cambios-profundos\/","title":{"rendered":"El enfoque \u00e1gil implica hacer cambios profundos"},"content":{"rendered":"<p><span style=\"font-family: verdana, geneva, sans-serif; font-size: 14pt;\">Gracias! a quienes participaron de la Reuni\u00f3n \u00e1gil en la que tratamos El Cambio.<\/span><\/p>\n<p><span style=\"font-family: verdana, geneva, sans-serif; font-size: 14pt;\">Interactuar con otras Personas es la forma m\u00e1s efectiva de aprender y potenciarse. \u00c9se es el prop\u00f3sito de las Reuniones \u00e1giles (con frecuencia quincenal). Cuando hay apertura mental, cada comentario, cada opini\u00f3n, cada experiencia compartida nos enriquece y nos potencia.<\/span><\/p>\n<p><span style=\"font-family: verdana, geneva, sans-serif; font-size: 14pt;\">Comparto algunas preguntas y comentarios que fueron creando la trama de la conversaci\u00f3n, tal vez les sirva a otros como est\u00edmulo para la reflexi\u00f3n.<\/span><\/p>\n<p>&nbsp;<\/p>\n<p><img loading=\"lazy\" decoding=\"async\" class=\"alignnone size-full wp-image-1599\" src=\"https:\/\/advancys.com.ar\/blog-advancys\/wp-content\/uploads\/2021\/01\/Foto-RA-21En2021.jpeg\" alt=\"\" width=\"847\" height=\"404\" srcset=\"https:\/\/advancys.com.ar\/blog-advancys\/wp-content\/uploads\/2021\/01\/Foto-RA-21En2021.jpeg 847w, https:\/\/advancys.com.ar\/blog-advancys\/wp-content\/uploads\/2021\/01\/Foto-RA-21En2021-300x143.jpeg 300w, https:\/\/advancys.com.ar\/blog-advancys\/wp-content\/uploads\/2021\/01\/Foto-RA-21En2021-768x366.jpeg 768w, https:\/\/advancys.com.ar\/blog-advancys\/wp-content\/uploads\/2021\/01\/Foto-RA-21En2021-734x350.jpeg 734w\" sizes=\"(max-width: 847px) 100vw, 847px\" \/><\/p>\n<p><strong>\ud83d\udc49 <\/strong><span style=\"font-family: verdana, geneva, sans-serif; font-size: 14pt;\">\u00bfPor qu\u00e9 hay mucha gente hablando de agilidad?<\/span><\/p>\n<p><span style=\"font-family: verdana, geneva, sans-serif; font-size: 14pt;\"><strong>\ud83d\udc49 <\/strong>\u00bfPor qu\u00e9 es tan importante la diferenciaci\u00f3n?. No es lo mismo implementar la agilidad en una empresa que en trabajos independientes.<\/span><\/p>\n<p><span style=\"font-family: verdana, geneva, sans-serif; font-size: 14pt;\"><strong>\ud83d\udc49<\/strong>\u00a0 El cambio no es un problema para todos, hay gente que va por la vida buscando cambios, otra que los evita y tambi\u00e9n aquellos que est\u00e1n decididos a hacerlos, aunque les cueste porque entienden que es conveniente a sus intereses. \u00c9sa es la diversidad y por eso no hay que generalizar, sino contextualizar. El abordaje de la tem\u00e1tica es caso por caso.<\/span><\/p>\n<p><span style=\"font-family: verdana, geneva, sans-serif; font-size: 14pt;\"><strong>\ud83d\udc49 <\/strong>\u00bfQu\u00e9 estrategia de cambio usan a diario?<\/span><\/p>\n<p><span style=\"font-family: verdana, geneva, sans-serif; font-size: 14pt;\"><strong>\ud83d\udc49<\/strong> La implementaci\u00f3n del enfoque \u00e1gil implica hacer cambios profundos en la organizaci\u00f3n de la empresa, contar con el apoyo de quienes la dirigen y repensar el liderazgo para guiar los cambios en la forma de trabajar. De no ser as\u00ed, en lugar de una experiencia exitosa que consiga resultados extraordinarios, ser\u00e1n decisiones aisladas para que las cosas sigan igual.<\/span><\/p>\n<p><span style=\"font-family: verdana, geneva, sans-serif; font-size: 14pt;\"><strong>\ud83d\udc49 <\/strong>La burocracia y las dificultades para delegar suelen ser desaf\u00edos a superar.<\/span><\/p>\n<p><span style=\"font-family: verdana, geneva, sans-serif; font-size: 14pt;\"><strong>\ud83d\udc49 \u00a0<\/strong>Al darse cuenta que los cambios forman parte del proyecto (y de la vida!!!), se ahorra mucho tiempo y energ\u00eda malgastada en discusiones in\u00fatiles.<\/span><\/p>\n<p style=\"text-align: center;\"><span style=\"font-size: 20pt;\"><strong>El problema no es equivocarse,<\/strong><\/span><\/p>\n<p style=\"text-align: center;\"><span style=\"font-size: 20pt;\"><strong>es NO APRENDER<\/strong><\/span><\/p>\n<p>&nbsp;<\/p>\n","protected":false},"excerpt":{"rendered":"<p>Gracias! a quienes participaron de la Reuni\u00f3n \u00e1gil en la que tratamos El Cambio. Interactuar con otras Personas es la forma m\u00e1s efectiva de aprender y potenciarse. \u00c9se es el prop\u00f3sito de las Reuniones \u00e1giles (con frecuencia quincenal). Cuando hay apertura mental, cada comentario, cada opini\u00f3n, cada experiencia compartida nos &hellip;<\/p>\n","protected":false},"author":2,"featured_media":0,"comment_status":"closed","ping_status":"open","sticky":false,"template":"","format":"standard","meta":{"footnotes":""},"categories":[25,26,24,23],"tags":[],"class_list":["post-1598","post","type-post","status-publish","format-standard","hentry","category-creatividad-e-innovacion","category-decisiones-y-negociaciones","category-marcas","category-negocios"],"_links":{"self":[{"href":"https:\/\/advancys.com.ar\/blog-advancys\/wp-json\/wp\/v2\/posts\/1598"}],"collection":[{"href":"https:\/\/advancys.com.ar\/blog-advancys\/wp-json\/wp\/v2\/posts"}],"about":[{"href":"https:\/\/advancys.com.ar\/blog-advancys\/wp-json\/wp\/v2\/types\/post"}],"author":[{"embeddable":true,"href":"https:\/\/advancys.com.ar\/blog-advancys\/wp-json\/wp\/v2\/users\/2"}],"replies":[{"embeddable":true,"href":"https:\/\/advancys.com.ar\/blog-advancys\/wp-json\/wp\/v2\/comments?post=1598"}],"version-history":[{"count":1,"href":"https:\/\/advancys.com.ar\/blog-advancys\/wp-json\/wp\/v2\/posts\/1598\/revisions"}],"predecessor-version":[{"id":1600,"href":"https:\/\/advancys.com.ar\/blog-advancys\/wp-json\/wp\/v2\/posts\/1598\/revisions\/1600"}],"wp:attachment":[{"href":"https:\/\/advancys.com.ar\/blog-advancys\/wp-json\/wp\/v2\/media?parent=1598"}],"wp:term":[{"taxonomy":"category","embeddable":true,"href":"https:\/\/advancys.com.ar\/blog-advancys\/wp-json\/wp\/v2\/categories?post=1598"},{"taxonomy":"post_tag","embeddable":true,"href":"https:\/\/advancys.com.ar\/blog-advancys\/wp-json\/wp\/v2\/tags?post=1598"}],"curies":[{"name":"wp","href":"https:\/\/api.w.org\/{rel}","templated":true}]}}