{"id":1679,"date":"2021-09-29T14:54:08","date_gmt":"2021-09-29T17:54:08","guid":{"rendered":"https:\/\/advancys.com.ar\/blog-advancys\/?p=1679"},"modified":"2021-09-29T14:54:08","modified_gmt":"2021-09-29T17:54:08","slug":"comparto-como-hice-mi-camino-profesional","status":"publish","type":"post","link":"https:\/\/advancys.com.ar\/blog-advancys\/comparto-como-hice-mi-camino-profesional\/","title":{"rendered":"Comparto c\u00f3mo hice mi camino profesional"},"content":{"rendered":"<div class=\"feed-shared-update-v2__description-wrapper\" tabindex=\"0\">\n<div class=\"feed-shared-inline-show-more-text\n    feed-shared-update-v2__description feed-shared-inline-show-more-text--minimal-padding\n\n    feed-shared-inline-show-more-text--expanded\n    \" tabindex=\"-1\" data-artdeco-is-focused=\"true\"><\/p>\n<div class=\"feed-shared-text relative feed-shared-update-v2__commentary \" dir=\"ltr\"><span class=\"break-words\"><span dir=\"ltr\"><span style=\"font-family: verdana, geneva, sans-serif;\">Qu\u00e9 reales son las palabras del Poeta cuando dice: \u201cCaminante no hay camino, se hace camino al andar\u2026\u201d \ud83d\udc63<\/span><\/p>\n<p><span style=\"font-family: verdana, geneva, sans-serif;\">\ud83d\udca5 Mi camino es \u00fanico porque es m\u00edo, con aciertos y desaciertos, no es frecuente, no encaja en etiquetas, no puedo resumirlo en pocas palabras (o\u00a0no quiero aunque se pueda, porque no tendr\u00eda el mismo valor, como toda historia que se recorta \u201ca gusto del consumidor\u201d).<\/span><\/p>\n<p><span style=\"font-family: verdana, geneva, sans-serif;\">\ud83d\ude33 \u201cLa gente no lee\u201d, escucho todos los d\u00edas. Si prestara atenci\u00f3n a quienes dicen eso, no deber\u00eda escribir la historia de mi camino.\u00a0<\/span><\/span><\/span><\/div>\n<div class=\"feed-shared-text relative feed-shared-update-v2__commentary \" dir=\"ltr\"><span class=\"break-words\"><span dir=\"ltr\"><br \/>\n<span style=\"font-family: verdana, geneva, sans-serif;\">\ud83d\udc49 Sin embargo, record\u00e9 un d\u00eda en el que una Abogada reci\u00e9n recibida, me pregunt\u00f3, sorprendida por lo que le comentaba: \u00bfC\u00f3mo la Justicia no fue siempre igual?. Ante esa pregunta, la sorprendida fui yo. Claro que no!. \u00bfNadie te lo dijo?. Yo he resuelto diligencias en un d\u00eda y pude resolver casos que se consideraban perdidos desde el enfoque tradicional.\u00a0<\/span><\/span><\/span><\/div>\n<div class=\"feed-shared-text relative feed-shared-update-v2__commentary \" dir=\"ltr\"><span class=\"break-words\"><span dir=\"ltr\"><br \/>\n<span style=\"font-family: verdana, geneva, sans-serif;\">\ud83d\udcaa La gesti\u00f3n innovadora, el trabajo comprometido, responsable, sostenido con prop\u00f3sito supera lo insuperable.<\/span><br \/>\n<span style=\"font-family: verdana, geneva, sans-serif;\">Comparto c\u00f3mo hice mi camino, por esa chica y por todos aquellos que hoy creen que la Argentina \u201ces un caso perdido\u201d, porque definitivamente no lo es, si muchos despiertan y hacen lo necesario para no permitir m\u00e1s abusos.<\/span><br \/>\n<span style=\"font-family: verdana, geneva, sans-serif;\">\u00a0Mucha gente cree que la Justicia \u2696\ufe0f no sirve para nada, hasta que necesitan acudir a ella porque no pudieron resolver sus problemas en el \u00e1mbito privado o por cualquier otro hecho circunstancial de la vida.<\/span><\/span><\/span><\/div>\n<div class=\"feed-shared-text relative feed-shared-update-v2__commentary \" dir=\"ltr\"><span class=\"break-words\"><span dir=\"ltr\"><br \/>\n<span style=\"font-family: verdana, geneva, sans-serif;\">\ud83c\udf08 Trabajar para descubrir la trama del conflicto y resolverlo puede ser que no lo haga cualquiera, pero es posible;\u00a0por cierto, no desde el enfoque tradicional, es necesario complementarlo o superarlo, hay que animarse a innovar en la gesti\u00f3n, articulando con qui\u00e9n toma decisiones al m\u00e1ximo nivel, adem\u00e1s de otras variables que confluyen para llegar a la soluci\u00f3n real.<\/span><br \/>\n<span style=\"font-family: verdana, geneva, sans-serif;\">Abrazo digital!!! <\/span><\/span><\/span><\/div>\n<div class=\"feed-shared-text relative feed-shared-update-v2__commentary \" dir=\"ltr\"><span class=\"break-words\"><span dir=\"ltr\"><span style=\"font-family: verdana, geneva, sans-serif;\">Te invito a leer el archivo y a \u270d\ufe0f para que hablemos.<\/span><br \/>\n<\/span><\/span><\/div>\n<div dir=\"ltr\"><\/div>\n<div dir=\"ltr\"><a href=\"https:\/\/advancys.com.ar\/blog-advancys\/wp-content\/uploads\/2021\/09\/MiCaminoProfesional.pdf\">MiCaminoProfesional<\/a><\/div>\n<\/div>\n<\/div>\n","protected":false},"excerpt":{"rendered":"<p>Qu\u00e9 reales son las palabras del Poeta cuando dice: \u201cCaminante no hay camino, se hace camino al andar\u2026\u201d \ud83d\udc63 \ud83d\udca5 Mi camino es \u00fanico porque es m\u00edo, con aciertos y desaciertos, no es frecuente, no encaja en etiquetas, no puedo resumirlo en pocas palabras (o\u00a0no quiero aunque se pueda, porque &hellip;<\/p>\n","protected":false},"author":2,"featured_media":0,"comment_status":"closed","ping_status":"open","sticky":false,"template":"","format":"standard","meta":{"footnotes":""},"categories":[25,26],"tags":[],"class_list":["post-1679","post","type-post","status-publish","format-standard","hentry","category-creatividad-e-innovacion","category-decisiones-y-negociaciones"],"_links":{"self":[{"href":"https:\/\/advancys.com.ar\/blog-advancys\/wp-json\/wp\/v2\/posts\/1679"}],"collection":[{"href":"https:\/\/advancys.com.ar\/blog-advancys\/wp-json\/wp\/v2\/posts"}],"about":[{"href":"https:\/\/advancys.com.ar\/blog-advancys\/wp-json\/wp\/v2\/types\/post"}],"author":[{"embeddable":true,"href":"https:\/\/advancys.com.ar\/blog-advancys\/wp-json\/wp\/v2\/users\/2"}],"replies":[{"embeddable":true,"href":"https:\/\/advancys.com.ar\/blog-advancys\/wp-json\/wp\/v2\/comments?post=1679"}],"version-history":[{"count":2,"href":"https:\/\/advancys.com.ar\/blog-advancys\/wp-json\/wp\/v2\/posts\/1679\/revisions"}],"predecessor-version":[{"id":1682,"href":"https:\/\/advancys.com.ar\/blog-advancys\/wp-json\/wp\/v2\/posts\/1679\/revisions\/1682"}],"wp:attachment":[{"href":"https:\/\/advancys.com.ar\/blog-advancys\/wp-json\/wp\/v2\/media?parent=1679"}],"wp:term":[{"taxonomy":"category","embeddable":true,"href":"https:\/\/advancys.com.ar\/blog-advancys\/wp-json\/wp\/v2\/categories?post=1679"},{"taxonomy":"post_tag","embeddable":true,"href":"https:\/\/advancys.com.ar\/blog-advancys\/wp-json\/wp\/v2\/tags?post=1679"}],"curies":[{"name":"wp","href":"https:\/\/api.w.org\/{rel}","templated":true}]}}