{"id":1865,"date":"2023-08-03T11:43:28","date_gmt":"2023-08-03T14:43:28","guid":{"rendered":"https:\/\/advancys.com.ar\/blog-advancys\/?p=1865"},"modified":"2023-08-03T11:43:28","modified_gmt":"2023-08-03T14:43:28","slug":"cuando-lo-que-dana-es-la-forma-de-ejercer-el-poder","status":"publish","type":"post","link":"https:\/\/advancys.com.ar\/blog-advancys\/cuando-lo-que-dana-es-la-forma-de-ejercer-el-poder\/","title":{"rendered":"Cuando lo que da\u00f1a es la forma de ejercer el poder"},"content":{"rendered":"<p><strong>Es claro que el liderazgo colaborativo tiene beneficios que impactan en los resultados. <\/strong><\/p>\n<p><strong>Sin embargo, en la pr\u00e1ctica, existen L\u00edderes que se creen superiores a los dem\u00e1s, como si fueran una especie diferente. <\/strong><\/p>\n<p><strong>De alg\u00fan modo lo son, pero no en la forma que ellos piensan, sino que tienen una forma de ejercer el poder que asusta y hace dif\u00edcil romper el juego. <img loading=\"lazy\" decoding=\"async\" class=\"size-full wp-image-1866 alignleft\" src=\"https:\/\/advancys.com.ar\/blog-advancys\/wp-content\/uploads\/2023\/08\/ElefanteyPollitos.png\" alt=\"\" width=\"203\" height=\"239\" \/><\/strong><\/p>\n<p><strong>\u00a0<\/strong>Quieren tener al Mundo en sus manos, para hacer lo quieran, en beneficio de sus propios intereses. <img loading=\"lazy\" decoding=\"async\" class=\"size-full wp-image-1867 alignright\" src=\"https:\/\/advancys.com.ar\/blog-advancys\/wp-content\/uploads\/2023\/08\/mundoensusmanos.png\" alt=\"\" width=\"237\" height=\"213\" \/><\/p>\n<p>Llamar a las cosas por su nombre y tomar conciencia de que tomar decisiones es un proceso que puede mejorarse, es un s\u00edntoma de madurez y el primer paso para encaminarse a resolver cualquier tipo de problema o conflicto, por m\u00e1s complejo que sea.<\/p>\n<p>Es tiempo de quitarle la s\u00e1bana al fantasma y verlo tal como es, sin m\u00e1s suposiciones. Hacerlo, trae m\u00e1s alivio a las Personas de lo que creen.<\/p>\n<p><strong>\u00bfC\u00f3mo se lleg\u00f3 a la decadencia?<\/strong><\/p>\n<p>La decadencia en Argentina no es casualidad.<\/p>\n<p>El tema se puede analizar desde distintas perspectivas, en esta ocasi\u00f3n, elijo la que menos se comenta: la forma perversa de ejercer el poder, como causa principal de la decadencia.<\/p>\n<p>Se trata del obrar de ciertos L\u00edderes que dise\u00f1aron minuciosamente un sistema de corrupci\u00f3n y lo implementaron con estrategias seductoras, perversas y sostenidas en el tiempo. Saben bien lo que hacen, eligen a sus v\u00edctimas, a las que primero seducen con el h\u00e1bil uso de las palabras, y luego conducen, a trav\u00e9s del miedo, con el \u00fanico objetivo de acceder al poder y sostenerse a perpetuidad.<\/p>\n<p>Para llevar adelante sus planes, necesitan \u201ccolaboradores\u201d.<\/p>\n<p>Por cierto, es importante diferenciar, no todos entran en la misma bolsa. Aunque hay c\u00f3mplices, tambi\u00e9n hay muchas v\u00edctimas, especialmente j\u00f3venes, que confiaron hasta que se dieron cuenta de la trampa mental que lleva a la estafa moral y econ\u00f3mica con caracter\u00edsticas espec\u00edficas, dif\u00edciles de identificar.<\/p>\n<p><strong><em>\u00a0\u201cLa perversi\u00f3n fascina, seduce y da miedo\u201d,<\/em><\/strong> dice Marie-France Hirigoyen, en su libro Acoso Moral. Psiquiatra y Terapeuta familiar con formaci\u00f3n en victimolog\u00eda, en Francia y Estados Unidos.<\/p>\n<p>Y aclara:<em> \u201cLa perversidad no proviene de un trastorno psiqui\u00e1trico, sino de una fr\u00eda racionalidad que se combina con la incapacidad de considerar a los dem\u00e1s como seres humanos. Algunos de estos perversos cometen actos delictivos, por los que se los juzga, pero la mayor\u00eda de ellos usa su encanto y sus facultades de adaptaci\u00f3n para abrirse camino en la sociedad dejando tras de s\u00ed personas heridas y vidas devastadas. Psiquiatras, Jueces y Educadores hemos ca\u00eddo en la trampa de perversos que se hac\u00edan pasar por v\u00edctimas<\/em><em> \u2026\u201d<\/em><\/p>\n<p>En tiempos de pandemia, Santiago Kovadloff, Fil\u00f3sofo, dijo: \u201cLa perversi\u00f3n est\u00e1 en la negaci\u00f3n de lo que sucede y en el ocultamiento de la criminalidad\u201d. Entrevista de Luis Majul. 7\/6\/2020.<\/p>\n<p>La forma perversa de ejercer el poder, es la \u201cmarca personal\u201d de algunos l\u00edderes que existen en cualquier \u00e1mbito: familiar, empresarial o institucional, sin importar el nivel econ\u00f3mico o Pa\u00eds.<\/p>\n<p>La perversi\u00f3n se inicia con el abuso de poder, algo que tiene un fuerte impacto en la mente de las Personas. Cuesta creerlo, porque es una traici\u00f3n al rol, una forma de corromper la autoridad, incumpliendo las funciones que hacen a la esencia del poder que les fue conferido.<\/p>\n<p>No obstante, una sociedad adulta, con sistemas ordenados y efectivos para gestionar soluciones reales, genera mecanismos de defensa contra el abuso de poder.<\/p>\n<p>No son desaf\u00edos f\u00e1ciles de abordar, pero garantizo que es posible salir, aunque no solos, ni con m\u00e9todos cl\u00e1sicos y mucho menos con visiones parciales o visiones \u00fanicas.<\/p>\n<p><strong>\u00bfC\u00f3mo salimos adelante?<\/strong><\/p>\n<p>Sin duda alguna, las soluciones son generadas por la interrelaci\u00f3n Humana, m\u00e1s all\u00e1 del avance de la tecnolog\u00eda de la informaci\u00f3n y la comunicaci\u00f3n (TIC), entendiendo la complejidad del Mundo que nos taca vivir, que no puede analizarse desde una sola perspectiva.<\/p>\n<p>Poner en juego la creatividad y la innovaci\u00f3n, en la forma de tomar decisiones y gestionar soluciones, es una necesidad evidente, a esta altura de los acontecimientos, porque est\u00e1n todas las cartas sobre la mesa.<\/p>\n<p><strong>Combinar es potenciar, en ambos sentidos: para beneficiar y para perjudicar.<\/strong><\/p>\n<p><strong>Los l\u00edmites forman parte de la soluci\u00f3n, son el primer paso.<\/strong><\/p>\n<p><strong>S<\/strong>on necesarios, porque:<\/p>\n<ul>\n<li>Ordenan.<\/li>\n<li>Contienen.<\/li>\n<li>Encuadran.<\/li>\n<li>Evitan desbordes.<\/li>\n<\/ul>\n<p>Son como el cauce de un r\u00edo, que permite que el agua fluya sin invadir otros terrenos.<\/p>\n<p>Los l\u00edmites se ponen tomando decisiones. Si cuesta hacerlo, tal vez, no se est\u00e1n viendo los beneficios.<\/p>\n<p>La resoluci\u00f3n de problemas es una especialidad, como lo es la Cl\u00ednica en la medicina. Considera a la Persona como un todo y hace foco en acortar la distancia entre la teor\u00eda y la pr\u00e1ctica.<\/p>\n<p>Es clave repensar temas como la toma de decisiones, el liderazgo, la gesti\u00f3n y la resoluci\u00f3n de problemas, ya que el enfoque cl\u00e1sico que prioriza lo racional es un error hist\u00f3rico que conduce a escenarios no reales.<\/p>\n<p>Los resultados de las investigaciones en neurociencias brindan mucha informaci\u00f3n sobre el funcionamiento de la mente que no siempre se ve aplicada en la realidad cotidiana.<\/p>\n<p>Enfrentar la cruda realidad, sin maquillaje, es el primer paso, crucial para seguir avanzando.<\/p>\n<p>Es indispensable recuperar el respeto entre los Seres Humanos, la autoconfianza y aprender a construir una cultura que resuelva los problemas, en lugar de barrerlos bajo la alfombra.<\/p>\n<p><strong>\u201cNada cambia hasta que algo se mueve\u201d,<\/strong> dec\u00eda Einstein.<\/p>\n<p>Lo que hay que mover son estructuras de todo tipo, mentales, de organizaci\u00f3n, de toma de decisiones, de gesti\u00f3n y de liderazgo.<\/p>\n<p>La propuesta de la <strong>Innovaci\u00f3n Human\u00edstica<\/strong> es una forma efectiva de trabajar, integrando el cambio que beneficia al Ser Humano, para ampliar la mirada m\u00e1s all\u00e1 de la tecnolog\u00eda.<\/p>\n<p>Es importante incluir en cada agenda y en cada proyecto un espacio para la <strong>Cl\u00ednica de Ideas<\/strong>, ya que las Personas funcionan de acuerdo a lo que tienen en mente.<\/p>\n<p>Revisar las ideas y renovarlas es indispensable para hacer cambios y <strong>recuperar el poder interior<\/strong> (PI), \u201cdelegado\u201d, a veces, en forma inconsciente.<\/p>\n<p>Nota: las im\u00e1genes fueron creadas con inteligencia artificial (craiyon.com)<\/p>\n<p>&nbsp;<\/p>\n","protected":false},"excerpt":{"rendered":"<p>Es claro que el liderazgo colaborativo tiene beneficios que impactan en los resultados. Sin embargo, en la pr\u00e1ctica, existen L\u00edderes que se creen superiores a los dem\u00e1s, como si fueran una especie diferente. De alg\u00fan modo lo son, pero no en la forma que ellos piensan, sino que tienen una &hellip;<\/p>\n","protected":false},"author":2,"featured_media":0,"comment_status":"closed","ping_status":"open","sticky":false,"template":"","format":"standard","meta":{"footnotes":""},"categories":[25,26,24,23,1],"tags":[],"class_list":["post-1865","post","type-post","status-publish","format-standard","hentry","category-creatividad-e-innovacion","category-decisiones-y-negociaciones","category-marcas","category-negocios","category-varios"],"_links":{"self":[{"href":"https:\/\/advancys.com.ar\/blog-advancys\/wp-json\/wp\/v2\/posts\/1865"}],"collection":[{"href":"https:\/\/advancys.com.ar\/blog-advancys\/wp-json\/wp\/v2\/posts"}],"about":[{"href":"https:\/\/advancys.com.ar\/blog-advancys\/wp-json\/wp\/v2\/types\/post"}],"author":[{"embeddable":true,"href":"https:\/\/advancys.com.ar\/blog-advancys\/wp-json\/wp\/v2\/users\/2"}],"replies":[{"embeddable":true,"href":"https:\/\/advancys.com.ar\/blog-advancys\/wp-json\/wp\/v2\/comments?post=1865"}],"version-history":[{"count":1,"href":"https:\/\/advancys.com.ar\/blog-advancys\/wp-json\/wp\/v2\/posts\/1865\/revisions"}],"predecessor-version":[{"id":1868,"href":"https:\/\/advancys.com.ar\/blog-advancys\/wp-json\/wp\/v2\/posts\/1865\/revisions\/1868"}],"wp:attachment":[{"href":"https:\/\/advancys.com.ar\/blog-advancys\/wp-json\/wp\/v2\/media?parent=1865"}],"wp:term":[{"taxonomy":"category","embeddable":true,"href":"https:\/\/advancys.com.ar\/blog-advancys\/wp-json\/wp\/v2\/categories?post=1865"},{"taxonomy":"post_tag","embeddable":true,"href":"https:\/\/advancys.com.ar\/blog-advancys\/wp-json\/wp\/v2\/tags?post=1865"}],"curies":[{"name":"wp","href":"https:\/\/api.w.org\/{rel}","templated":true}]}}