{"id":1894,"date":"2023-09-21T14:18:37","date_gmt":"2023-09-21T17:18:37","guid":{"rendered":"https:\/\/advancys.com.ar\/blog-advancys\/?p=1894"},"modified":"2023-09-21T14:18:37","modified_gmt":"2023-09-21T17:18:37","slug":"pensalo-antes-hay-danos-que-pueden-evitar-pelicula-la-ola","status":"publish","type":"post","link":"https:\/\/advancys.com.ar\/blog-advancys\/pensalo-antes-hay-danos-que-pueden-evitar-pelicula-la-ola\/","title":{"rendered":"Pensalo antes, hay da\u00f1os que pueden evitar. Pel\u00edcula La OLA."},"content":{"rendered":"<p>\ud83e\udd14 \u00bfDe qu\u00e9 se trata la pel\u00edcula La Ola? \u2063<br \/>\nLa trama transcurre en una Instituci\u00f3n Educativa, en la que se trabaja un tema especial, durante la llamada semana de proyectos.\u2063<br \/>\n\ud83d\udc49 El Profesor de nataci\u00f3n y roquero, Rainer Wenger, se disgusta porque ten\u00eda preparado trabajar la anarqu\u00eda y la Direcci\u00f3n le comunica que le toca trabajar la autocracia (*). \u2063<br \/>\n\u270d\ufe0f Les explica a sus alumnos que en la autocracia hay un l\u00edder central, \u201cuno manda\u201d.\u2063<br \/>\n\u270d\ufe0f Les dice que para que haya una dictadura, hay una estructura de:\u2063<br \/>\n\u2022 Alto desempleo.\u2063<br \/>\n\u2022 Injusticia social.\u2063<br \/>\n\u2022 Inflaci\u00f3n.\u2063<br \/>\n\u2022 Desapego pol\u00edtico.\u2063<br \/>\n\u2022 Nacionalismo extremo.\u2063<br \/>\n\ud83e\udd14 Los Alumnos dicen que el nazismo no puede volver, porque \u201cahora somos m\u00e1s inteligentes\u201d.\u2063<br \/>\n\ud83d\udc49 El Profesor decide llevar las cosas a la pr\u00e1ctica y, como era de esperar, se le fue de las manos.\u2063<br \/>\n\ud83d\udc49 Los entusiasma (y se entusiasma) creando una comunidad, con un nombre (La Ola), con un s\u00edmbolo, les impone una ropa com\u00fan (una camisa blanca), un saludo com\u00fan.\u2063<br \/>\n\ud83d\udc49 Qui\u00e9nes no piensan igual, reciben ignorancia y exclusi\u00f3n. \u2063<br \/>\n\u2063(*) Autocracia: forma de gobierno en la cual la voluntad de una sola persona es la suprema ley, seg\u00fan el Diccionario de la Real Academia Espa\u00f1ola.\u2063<br \/>\n\u2063\u00bfCu\u00e1l es el mensaje de la pel\u00edcula de La Ola?\u2063<\/p>\n<div style=\"width: 599px;\" class=\"wp-video\"><!--[if lt IE 9]><script>document.createElement('video');<\/script><![endif]-->\n<video class=\"wp-video-shortcode\" id=\"video-1894-1\" width=\"599\" height=\"599\" preload=\"metadata\" controls=\"controls\"><source type=\"video\/mp4\" src=\"https:\/\/advancys.com.ar\/blog-advancys\/wp-content\/uploads\/2023\/09\/LaOla.mp4?_=1\" \/><a href=\"https:\/\/advancys.com.ar\/blog-advancys\/wp-content\/uploads\/2023\/09\/LaOla.mp4\">https:\/\/advancys.com.ar\/blog-advancys\/wp-content\/uploads\/2023\/09\/LaOla.mp4<\/a><\/video><\/div>\n<p>La pel\u00edcula La OLA es un recurso poderoso para el debate y para reflexionar sobre el ejercicio del poder, las consecuencias de los actos autom\u00e1ticos, sin pensamiento propio, falta de autocr\u00edtica, no cuestionarse los valores y el sentido de las experiencias, aunque vengan de una autoridad.\u2063<br \/>\n\ud83e\udd14 La manipulaci\u00f3n es hacer que otros hagan lo que se les pide en beneficio propio, aunque solo sea para satisfacer su ego.\u2063<br \/>\n\ud83c\udf08 El cambio inicia en la mente, para bien y para mal.\u2063<br \/>\n\ud83d\udca1 Observar la realidad, revisar las ideas, aprender a pensar con criterio propio, autoregular las emociones, forma parte de educar a la mente para una Vida neurosaludable y exitosa.\u2063<br \/>\n\u2063<br \/>\n\ud83d\udcf2 Vos que pensas? Con gusto leo tus comentarios.\u2063<br \/>\n\u2063<\/p>\n","protected":false},"excerpt":{"rendered":"<p>\ud83e\udd14 \u00bfDe qu\u00e9 se trata la pel\u00edcula La Ola? \u2063 La trama transcurre en una Instituci\u00f3n Educativa, en la que se trabaja un tema especial, durante la llamada semana de proyectos.\u2063 \ud83d\udc49 El Profesor de nataci\u00f3n y roquero, Rainer Wenger, se disgusta porque ten\u00eda preparado trabajar la anarqu\u00eda y la &hellip;<\/p>\n","protected":false},"author":2,"featured_media":0,"comment_status":"closed","ping_status":"open","sticky":false,"template":"","format":"standard","meta":{"footnotes":""},"categories":[25,26,24,23,1],"tags":[103,100,67,101,102,36,99,51,45,104,98,97,39,35,105,106],"class_list":["post-1894","post","type-post","status-publish","format-standard","hentry","category-creatividad-e-innovacion","category-decisiones-y-negociaciones","category-marcas","category-negocios","category-varios","tag-autocritica","tag-autoridad","tag-clinica-de-ideas","tag-comunidad","tag-danos","tag-decisiones","tag-educacion","tag-emprendedores","tag-gestion","tag-libertad","tag-lider","tag-manipulacion","tag-mente","tag-poder","tag-reflexion","tag-valores"],"_links":{"self":[{"href":"https:\/\/advancys.com.ar\/blog-advancys\/wp-json\/wp\/v2\/posts\/1894"}],"collection":[{"href":"https:\/\/advancys.com.ar\/blog-advancys\/wp-json\/wp\/v2\/posts"}],"about":[{"href":"https:\/\/advancys.com.ar\/blog-advancys\/wp-json\/wp\/v2\/types\/post"}],"author":[{"embeddable":true,"href":"https:\/\/advancys.com.ar\/blog-advancys\/wp-json\/wp\/v2\/users\/2"}],"replies":[{"embeddable":true,"href":"https:\/\/advancys.com.ar\/blog-advancys\/wp-json\/wp\/v2\/comments?post=1894"}],"version-history":[{"count":1,"href":"https:\/\/advancys.com.ar\/blog-advancys\/wp-json\/wp\/v2\/posts\/1894\/revisions"}],"predecessor-version":[{"id":1896,"href":"https:\/\/advancys.com.ar\/blog-advancys\/wp-json\/wp\/v2\/posts\/1894\/revisions\/1896"}],"wp:attachment":[{"href":"https:\/\/advancys.com.ar\/blog-advancys\/wp-json\/wp\/v2\/media?parent=1894"}],"wp:term":[{"taxonomy":"category","embeddable":true,"href":"https:\/\/advancys.com.ar\/blog-advancys\/wp-json\/wp\/v2\/categories?post=1894"},{"taxonomy":"post_tag","embeddable":true,"href":"https:\/\/advancys.com.ar\/blog-advancys\/wp-json\/wp\/v2\/tags?post=1894"}],"curies":[{"name":"wp","href":"https:\/\/api.w.org\/{rel}","templated":true}]}}