{"id":2072,"date":"2024-10-03T15:45:46","date_gmt":"2024-10-03T18:45:46","guid":{"rendered":"https:\/\/advancys.com.ar\/blog-advancys\/?p=2072"},"modified":"2024-10-03T16:09:03","modified_gmt":"2024-10-03T19:09:03","slug":"el-reto-de-la-ia-liderando-el-cambio-desde-el-autoliderazgo-y-la-conciencia","status":"publish","type":"post","link":"https:\/\/advancys.com.ar\/blog-advancys\/el-reto-de-la-ia-liderando-el-cambio-desde-el-autoliderazgo-y-la-conciencia\/","title":{"rendered":"El Reto de la IA: Liderando el Cambio desde el Autoliderazgo y la Conciencia"},"content":{"rendered":"\n<p><\/p>\n\n\n\n<p>Aprender a liderar nuestro propio cambio (autoliderazgo) y fortalecer las relaciones humanas <strong>es lo que puede garantizar nuestro bienestar en un mundo donde la Inteligencia Artificial ya no es opcional.<\/strong><\/p>\n\n\n\n<p>El bienestar est\u00e1 en crisis, y recuperarlo debe ser una prioridad. Para lograrlo, es esencial que la transformaci\u00f3n digital vaya acompa\u00f1ada de una transformaci\u00f3n individual que potencie el bienestar social.<\/p>\n\n\n\n<p><strong>La IA representa el mayor desaf\u00edo que enfrenta la humanidad<\/strong>, ya que nos impulsa a cambiar la manera en que usamos nuestro cerebro. En el fondo, todo es mente, todo es energ\u00eda, todo vibra en una frecuencia particular.<\/p>\n\n\n\n<figure class=\"wp-block-image size-full\"><img loading=\"lazy\" decoding=\"async\" width=\"1024\" height=\"1024\" src=\"https:\/\/advancys.com.ar\/blog-advancys\/wp-content\/uploads\/2024\/10\/Bienestarytecnol.webp\" alt=\"\" class=\"wp-image-2073\" srcset=\"https:\/\/advancys.com.ar\/blog-advancys\/wp-content\/uploads\/2024\/10\/Bienestarytecnol.webp 1024w, https:\/\/advancys.com.ar\/blog-advancys\/wp-content\/uploads\/2024\/10\/Bienestarytecnol-300x300.webp 300w, https:\/\/advancys.com.ar\/blog-advancys\/wp-content\/uploads\/2024\/10\/Bienestarytecnol-150x150.webp 150w, https:\/\/advancys.com.ar\/blog-advancys\/wp-content\/uploads\/2024\/10\/Bienestarytecnol-768x768.webp 768w, https:\/\/advancys.com.ar\/blog-advancys\/wp-content\/uploads\/2024\/10\/Bienestarytecnol-350x350.webp 350w\" sizes=\"(max-width: 1024px) 100vw, 1024px\" \/><\/figure>\n\n\n\n<p>Para construir desde el bienestar, <strong>debemos empezar por cambiar nuestra vibraci\u00f3n<\/strong>. Esto se consigue con conciencia y pr\u00e1cticas como la respiraci\u00f3n y la meditaci\u00f3n. <strong>Pero, \u00bfqu\u00e9 desaf\u00edos concretos nos presenta la IA?<\/strong><\/p>\n\n\n\n<p>Aqu\u00ed hay <strong>tres riesgos importantes que se\u00f1ala Bill Gates<\/strong>:<\/p>\n\n\n\n<ol class=\"wp-block-list\">\n<li><strong>Uso malintencionado<\/strong>: cibercrimen, bioterrorismo o conflictos entre estados.<\/li>\n\n\n\n<li><strong>Disrupci\u00f3n laboral<\/strong>: la automatizaci\u00f3n podr\u00eda afectar a unos 300 millones de empleos a tiempo completo.<\/li>\n\n\n\n<li><strong>P\u00e9rdida de control<\/strong> sobre la IA.<\/li>\n<\/ol>\n\n\n\n<p>Seg\u00fan Gates, si logramos controlar los dos primeros, el tercer riesgo ser\u00e1 menos preocupante.<\/p>\n\n\n\n<p><strong>\u00bfQu\u00e9 opinas sobre este tema?<\/strong> <strong>\u00bfLe dedicas tiempo a entender c\u00f3mo funciona la IA?<\/strong><\/p>\n","protected":false},"excerpt":{"rendered":"<p>Aprender a liderar nuestro propio cambio (autoliderazgo) y fortalecer las relaciones humanas es lo que puede garantizar nuestro bienestar en un mundo donde la Inteligencia Artificial ya no es opcional. El bienestar est\u00e1 en crisis, y recuperarlo debe ser una prioridad. Para lograrlo, es esencial que la transformaci\u00f3n digital vaya &hellip;<\/p>\n","protected":false},"author":2,"featured_media":0,"comment_status":"closed","ping_status":"closed","sticky":false,"template":"","format":"standard","meta":{"footnotes":""},"categories":[1],"tags":[155,122,75,150,156,36,147,123,47,51,45,129,77,76,39,46,55,148],"class_list":["post-2072","post","type-post","status-publish","format-standard","hentry","category-varios","tag-autoliderazgo","tag-bienestar","tag-cambio","tag-clinicadeideas","tag-conciencia","tag-decisiones","tag-digitalizacion","tag-economiayhumanidad","tag-ejecutivos","tag-emprendedores","tag-gestion","tag-ia","tag-inteligencia-artificial","tag-liderar","tag-mente","tag-profesionales","tag-tecnologia","tag-transformacion"],"_links":{"self":[{"href":"https:\/\/advancys.com.ar\/blog-advancys\/wp-json\/wp\/v2\/posts\/2072"}],"collection":[{"href":"https:\/\/advancys.com.ar\/blog-advancys\/wp-json\/wp\/v2\/posts"}],"about":[{"href":"https:\/\/advancys.com.ar\/blog-advancys\/wp-json\/wp\/v2\/types\/post"}],"author":[{"embeddable":true,"href":"https:\/\/advancys.com.ar\/blog-advancys\/wp-json\/wp\/v2\/users\/2"}],"replies":[{"embeddable":true,"href":"https:\/\/advancys.com.ar\/blog-advancys\/wp-json\/wp\/v2\/comments?post=2072"}],"version-history":[{"count":3,"href":"https:\/\/advancys.com.ar\/blog-advancys\/wp-json\/wp\/v2\/posts\/2072\/revisions"}],"predecessor-version":[{"id":2076,"href":"https:\/\/advancys.com.ar\/blog-advancys\/wp-json\/wp\/v2\/posts\/2072\/revisions\/2076"}],"wp:attachment":[{"href":"https:\/\/advancys.com.ar\/blog-advancys\/wp-json\/wp\/v2\/media?parent=2072"}],"wp:term":[{"taxonomy":"category","embeddable":true,"href":"https:\/\/advancys.com.ar\/blog-advancys\/wp-json\/wp\/v2\/categories?post=2072"},{"taxonomy":"post_tag","embeddable":true,"href":"https:\/\/advancys.com.ar\/blog-advancys\/wp-json\/wp\/v2\/tags?post=2072"}],"curies":[{"name":"wp","href":"https:\/\/api.w.org\/{rel}","templated":true}]}}