{"id":2102,"date":"2024-11-14T14:52:15","date_gmt":"2024-11-14T17:52:15","guid":{"rendered":"https:\/\/advancys.com.ar\/blog-advancys\/?p=2102"},"modified":"2024-11-14T14:52:17","modified_gmt":"2024-11-14T17:52:17","slug":"por-que-resistimos-al-cambio","status":"publish","type":"post","link":"https:\/\/advancys.com.ar\/blog-advancys\/por-que-resistimos-al-cambio\/","title":{"rendered":"\u00bfPor qu\u00e9 resistimos al cambio?"},"content":{"rendered":"\n<p>\ud83e\udd14\u00bfPor qu\u00e9 nos resistimos al cambio?<br>\ud83d\udc49 La clave para manejar bien el cambio est\u00e1 en c\u00f3mo lo gestionamos.<br>\ud83c\udf08 Cl\u00ednica de Ideas invita a explorar un nuevo paradigma de gesti\u00f3n, uno que integra el conocimiento y la innovaci\u00f3n para abrir caminos hacia el \u00e9xito.<br>\ud83d\udc49 El cambio es inevitable, c\u00f3mo gestionarlo depende de nosotros.<br>\ud83d\udc49 \u00a1Juntos podemos construir un futuro mejor!<br><\/p>\n\n\n\n<figure class=\"wp-block-video\"><video controls src=\"https:\/\/advancys.com.ar\/blog-advancys\/wp-content\/uploads\/2024\/11\/\u00bfPor-que-nos-resistimos-al-cambio_-2024-11-13.mp4\"><\/video><\/figure>\n\n\n\n<p><\/p>\n","protected":false},"excerpt":{"rendered":"<p>\ud83e\udd14\u00bfPor qu\u00e9 nos resistimos al cambio?\ud83d\udc49 La clave para manejar bien el cambio est\u00e1 en c\u00f3mo lo gestionamos.\ud83c\udf08 Cl\u00ednica de Ideas invita a explorar un nuevo paradigma de gesti\u00f3n, uno que integra el conocimiento y la innovaci\u00f3n para abrir caminos hacia el \u00e9xito.\ud83d\udc49 El cambio es inevitable, c\u00f3mo gestionarlo depende &hellip;<\/p>\n","protected":false},"author":2,"featured_media":0,"comment_status":"closed","ping_status":"closed","sticky":false,"template":"","format":"standard","meta":{"footnotes":""},"categories":[1],"tags":[75,36,51,45,19,77,39,55],"class_list":["post-2102","post","type-post","status-publish","format-standard","hentry","category-varios","tag-cambio","tag-decisiones","tag-emprendedores","tag-gestion","tag-innovacion","tag-inteligencia-artificial","tag-mente","tag-tecnologia"],"_links":{"self":[{"href":"https:\/\/advancys.com.ar\/blog-advancys\/wp-json\/wp\/v2\/posts\/2102"}],"collection":[{"href":"https:\/\/advancys.com.ar\/blog-advancys\/wp-json\/wp\/v2\/posts"}],"about":[{"href":"https:\/\/advancys.com.ar\/blog-advancys\/wp-json\/wp\/v2\/types\/post"}],"author":[{"embeddable":true,"href":"https:\/\/advancys.com.ar\/blog-advancys\/wp-json\/wp\/v2\/users\/2"}],"replies":[{"embeddable":true,"href":"https:\/\/advancys.com.ar\/blog-advancys\/wp-json\/wp\/v2\/comments?post=2102"}],"version-history":[{"count":1,"href":"https:\/\/advancys.com.ar\/blog-advancys\/wp-json\/wp\/v2\/posts\/2102\/revisions"}],"predecessor-version":[{"id":2104,"href":"https:\/\/advancys.com.ar\/blog-advancys\/wp-json\/wp\/v2\/posts\/2102\/revisions\/2104"}],"wp:attachment":[{"href":"https:\/\/advancys.com.ar\/blog-advancys\/wp-json\/wp\/v2\/media?parent=2102"}],"wp:term":[{"taxonomy":"category","embeddable":true,"href":"https:\/\/advancys.com.ar\/blog-advancys\/wp-json\/wp\/v2\/categories?post=2102"},{"taxonomy":"post_tag","embeddable":true,"href":"https:\/\/advancys.com.ar\/blog-advancys\/wp-json\/wp\/v2\/tags?post=2102"}],"curies":[{"name":"wp","href":"https:\/\/api.w.org\/{rel}","templated":true}]}}