{"id":2129,"date":"2024-12-30T15:40:16","date_gmt":"2024-12-30T18:40:16","guid":{"rendered":"https:\/\/advancys.com.ar\/blog-advancys\/?p=2129"},"modified":"2024-12-30T15:40:18","modified_gmt":"2024-12-30T18:40:18","slug":"que-pasaria-si-reconoces-a-la-energia-humana-como-un-recurso-vital","status":"publish","type":"post","link":"https:\/\/advancys.com.ar\/blog-advancys\/que-pasaria-si-reconoces-a-la-energia-humana-como-un-recurso-vital\/","title":{"rendered":"\u00bfQu\u00e9 pasar\u00eda si reconoces a la energ\u00eda humana como un recurso vital?"},"content":{"rendered":"\n<p>\ud83e\udd14 <strong>\u201cLa energ\u00eda es el lenguaje universal de la vida. Todo lo que existe en el universo est\u00e1 en constante movimiento y cambio\u201d.<\/strong> Esta frase la dijo Nikola Tesla, Qui\u00e9n vivi\u00f3 entre 1856 y 1943 y dedic\u00f3 su vida a estudiar la electricidad. Fue Ingeniero y apegado al rigor cient\u00edfico. Tambi\u00e9n\u00a0visionario y m\u00edstico. <br>\ud83d\udc49 La energ\u00eda es reconocida como recurso en el campo de la econom\u00eda y la tecnolog\u00eda.<br>\ud83e\udd14 \u00bfPor qu\u00e9 la mayor\u00eda de las Personas no reconoce a la energ\u00eda como un recurso para vivir mejor y para facilitar cambios?.<\/p>\n\n\n\n<figure class=\"wp-block-image size-large\"><img loading=\"lazy\" decoding=\"async\" width=\"1024\" height=\"579\" src=\"https:\/\/advancys.com.ar\/blog-advancys\/wp-content\/uploads\/2024\/12\/Energiavital-1024x579.png\" alt=\"\" class=\"wp-image-2130\" srcset=\"https:\/\/advancys.com.ar\/blog-advancys\/wp-content\/uploads\/2024\/12\/Energiavital-1024x579.png 1024w, https:\/\/advancys.com.ar\/blog-advancys\/wp-content\/uploads\/2024\/12\/Energiavital-300x170.png 300w, https:\/\/advancys.com.ar\/blog-advancys\/wp-content\/uploads\/2024\/12\/Energiavital-768x434.png 768w, https:\/\/advancys.com.ar\/blog-advancys\/wp-content\/uploads\/2024\/12\/Energiavital-619x350.png 619w, https:\/\/advancys.com.ar\/blog-advancys\/wp-content\/uploads\/2024\/12\/Energiavital.png 1472w\" sizes=\"(max-width: 1024px) 100vw, 1024px\" \/><\/figure>\n\n\n\n<p>\ud83e\udd14 \u00bfPor qu\u00e9 no relaciona los hechos que vive con las emociones que les generan y el efecto de fortaleza y debilidad?.<br>\ud83e\udd14 \u00bfPor qu\u00e9, tampoco reconoce a la capacidad de tomar decisiones y a la capacidad de crear como recursos para vivir mejor.<br>\ud83d\udc49 Esta falta de reconocimiento debilita la confianza de la gente en las posibilidades de encontrar soluciones a sus problemas.<br>\ud83e\udd14 \u00bfQu\u00e9 pasar\u00eda si reconoces a la energ\u00eda humana como un recurso vital, e integras a tu rutina diaria el ejercicio de observaci\u00f3n de c\u00f3mo la gestionas?.\u00a0\u00bfQu\u00e9 te fortalece y te lleva a estar m\u00e1s cerca del polo positivo de tu \u201cbater\u00eda humana\u201d?. Por el contrario, \u00bfQu\u00e9 te debilita y te mantiene m\u00e1s cerca del polo negativo?.<br>\ud83d\udc49 Una nueva mirada de los temas y hacer preguntas que desaf\u00eden a la mente, facilita el camino a la innovaci\u00f3n. Te invito a dedicar un espacio a descubrir en tu interior las respuestas a estas preguntas y a otras que puedan surgir.<br><\/p>\n","protected":false},"excerpt":{"rendered":"<p>\ud83e\udd14 \u201cLa energ\u00eda es el lenguaje universal de la vida. Todo lo que existe en el universo est\u00e1 en constante movimiento y cambio\u201d. Esta frase la dijo Nikola Tesla, Qui\u00e9n vivi\u00f3 entre 1856 y 1943 y dedic\u00f3 su vida a estudiar la electricidad. Fue Ingeniero y apegado al rigor cient\u00edfico. &hellip;<\/p>\n","protected":false},"author":2,"featured_media":0,"comment_status":"closed","ping_status":"closed","sticky":false,"template":"","format":"standard","meta":{"footnotes":""},"categories":[1],"tags":[67,36,47,51,45,19,77,48,39,55],"class_list":["post-2129","post","type-post","status-publish","format-standard","hentry","category-varios","tag-clinica-de-ideas","tag-decisiones","tag-ejecutivos","tag-emprendedores","tag-gestion","tag-innovacion","tag-inteligencia-artificial","tag-lideres","tag-mente","tag-tecnologia"],"_links":{"self":[{"href":"https:\/\/advancys.com.ar\/blog-advancys\/wp-json\/wp\/v2\/posts\/2129"}],"collection":[{"href":"https:\/\/advancys.com.ar\/blog-advancys\/wp-json\/wp\/v2\/posts"}],"about":[{"href":"https:\/\/advancys.com.ar\/blog-advancys\/wp-json\/wp\/v2\/types\/post"}],"author":[{"embeddable":true,"href":"https:\/\/advancys.com.ar\/blog-advancys\/wp-json\/wp\/v2\/users\/2"}],"replies":[{"embeddable":true,"href":"https:\/\/advancys.com.ar\/blog-advancys\/wp-json\/wp\/v2\/comments?post=2129"}],"version-history":[{"count":1,"href":"https:\/\/advancys.com.ar\/blog-advancys\/wp-json\/wp\/v2\/posts\/2129\/revisions"}],"predecessor-version":[{"id":2131,"href":"https:\/\/advancys.com.ar\/blog-advancys\/wp-json\/wp\/v2\/posts\/2129\/revisions\/2131"}],"wp:attachment":[{"href":"https:\/\/advancys.com.ar\/blog-advancys\/wp-json\/wp\/v2\/media?parent=2129"}],"wp:term":[{"taxonomy":"category","embeddable":true,"href":"https:\/\/advancys.com.ar\/blog-advancys\/wp-json\/wp\/v2\/categories?post=2129"},{"taxonomy":"post_tag","embeddable":true,"href":"https:\/\/advancys.com.ar\/blog-advancys\/wp-json\/wp\/v2\/tags?post=2129"}],"curies":[{"name":"wp","href":"https:\/\/api.w.org\/{rel}","templated":true}]}}