{"id":2183,"date":"2025-08-11T09:59:37","date_gmt":"2025-08-11T12:59:37","guid":{"rendered":"https:\/\/advancys.com.ar\/blog-advancys\/?p=2183"},"modified":"2025-08-11T09:59:38","modified_gmt":"2025-08-11T12:59:38","slug":"de-la-fragilidad-a-la-expansion-una-experiencia-creativa-con-ia-conservando-la-esencia-y-la-autonomia-uso-conciente","status":"publish","type":"post","link":"https:\/\/advancys.com.ar\/blog-advancys\/de-la-fragilidad-a-la-expansion-una-experiencia-creativa-con-ia-conservando-la-esencia-y-la-autonomia-uso-conciente\/","title":{"rendered":"De la fragilidad a la expansi\u00f3n: una experiencia creativa con IA conservando la esencia y la autonom\u00eda. Uso Conciente."},"content":{"rendered":"\n<p><\/p>\n\n\n\n<p>Hoy quiero contar una an\u00e9cdota personal que no es sobre la inteligencia artificial en s\u00ed, sino sobre un uso particular, estrat\u00e9gico y conciente: el lugar de la IA es asistir,&nbsp; amplificar la visi\u00f3n y complementar habilidades humanas, respetando la esencia.<\/p>\n\n\n\n<p>Aclaro que \u201cconverso\u201d con la IA, en forma escrita (al menos por ahora) sobre los temas abstractos que son mi materia. No uso prompts de otros ni f\u00f3rmulas fijas.<\/p>\n\n\n\n<p>Todo comenz\u00f3 con una idea simple: probar las novedades en Chat GPT 5 (lanzado el 7\/8\/2025), en relaci\u00f3n a los temas que me interesan. Observ\u00e9 que mencionaba que ahora ten\u00eda \u201crazonamiento integrado\u201d.<\/p>\n\n\n\n<p>Por lo tanto, le pregunt\u00e9:<\/p>\n\n\n\n<p><strong>\u00bfQu\u00e9 es para vos el razonamiento integrado?.<\/strong><\/p>\n\n\n\n<p><strong>Parte de su respuesta. <\/strong><strong>ChatGPT dijo:<\/strong><\/p>\n\n\n\n<p><em>\u201cAntes, era m\u00e1s como un traductor literal: yo recib\u00eda tu texto, lo transformaba en \u201cinstrucciones de imagen\u201d y ya. <strong>Ahora puedo hilar m\u00e1s fino<\/strong>: por ejemplo, si me pides \u201cuna escena que transmita la fragilidad de la innovaci\u00f3n en un mundo saturado de tecnolog\u00eda\u201d, puedo interpretar \u201cfragilidad\u201d como algo visualmente metaf\u00f3rico (vidrio, hilos tensos, luz tenue) sin que me lo digas expl\u00edcitamente\u201d.<\/em><em><\/em><\/p>\n\n\n\n<p>Me gusta trabajar con im\u00e1genes porque tienen mucha potencia. En la versi\u00f3n anterior, observaba que hab\u00eda problemas para relacionar mi pedido con la ejecuci\u00f3n: no respond\u00eda a las pautas que le indicaba, aunque las entend\u00eda porque las pon\u00eda en texto. Hab\u00eda como una disociaci\u00f3n entre texto e imagen. Asique, empec\u00e9 pidiendo la imagen sobre \u201cfragilidad\u201d y me sorprendi\u00f3.<\/p>\n\n\n\n<figure class=\"wp-block-image size-large\"><img loading=\"lazy\" decoding=\"async\" width=\"1024\" height=\"683\" src=\"https:\/\/advancys.com.ar\/blog-advancys\/wp-content\/uploads\/2025\/08\/LamparitaAzul-1024x683.png\" alt=\"\" class=\"wp-image-2184\" srcset=\"https:\/\/advancys.com.ar\/blog-advancys\/wp-content\/uploads\/2025\/08\/LamparitaAzul-1024x683.png 1024w, https:\/\/advancys.com.ar\/blog-advancys\/wp-content\/uploads\/2025\/08\/LamparitaAzul-300x200.png 300w, https:\/\/advancys.com.ar\/blog-advancys\/wp-content\/uploads\/2025\/08\/LamparitaAzul-768x512.png 768w, https:\/\/advancys.com.ar\/blog-advancys\/wp-content\/uploads\/2025\/08\/LamparitaAzul-525x350.png 525w, https:\/\/advancys.com.ar\/blog-advancys\/wp-content\/uploads\/2025\/08\/LamparitaAzul.png 1536w\" sizes=\"(max-width: 1024px) 100vw, 1024px\" \/><\/figure>\n\n\n\n<p>Me entusiasm\u00e9 y fui por algo m\u00e1s profundo: partiendo de esa imagen, quiero transformarla, para representar el concepto de cl\u00ednica de ideas. Es decir, la lamparita puede tener dentro un cerebro que evoluciona, que despierta su potencial,<\/p>\n\n\n\n<p>Tiene que incluir alg\u00fan elemento de curaci\u00f3n (curita, vendaje, cruz roja o verde).<\/p>\n\n\n\n<p>Adem\u00e1s, tiene que <strong>reflejar las ideas de recuperaci\u00f3n, integraci\u00f3n y liberaci\u00f3n del potencial.<\/strong> Le ped\u00ed que recuerde los colores que uso, luminosidad que evoluciona y s\u00edmbolos de energ\u00eda.<\/p>\n\n\n\n<p><strong>ChatGPT dijo:<\/strong><\/p>\n\n\n\n<p>\u201cLo que propones se presta para una imagen muy potente, porque combina la met\u00e1fora cl\u00e1sica de la bombilla con la idea de <strong>cuidado, evoluci\u00f3n y energ\u00eda liberada\u201d<\/strong>.<\/p>\n\n\n\n<p><strong>Simulamos una sesi\u00f3n de \u201cCl\u00ednica de ideas\u201d<\/strong><strong><\/strong><\/p>\n\n\n\n<p>A partir de ah\u00ed, se inici\u00f3 un intercambio de ideas, casi como una sesi\u00f3n de \u201cCl\u00ednica de ideas\u201d, donde el objetivo no era que la IA me \u201cdiera\u201d una respuesta cerrada, sino que me ayudara a explorar, a empujar los l\u00edmites de lo que yo ya ten\u00eda en mente. No buscaba que hiciera el trabajo por m\u00ed, sino que me acompa\u00f1ara en el proceso.<\/p>\n\n\n\n<p>Fuimos intercambiando conceptos, afinando im\u00e1genes y descartando lo obvio.<\/p>\n\n\n\n<p>Pero sent\u00eda que algo faltaba: la conexi\u00f3n de la fragilidad con la recuperaci\u00f3n y darle a \u00e9sta un valor simb\u00f3lico potente.<\/p>\n\n\n\n<p>Le ped\u00ed que se inspirara en el kintsugi, la t\u00e9cnica de origen japon\u00e9s, usada para reparar con oro las fracturas de las piezas de cer\u00e1mica.<\/p>\n\n\n\n<p>El resultado fue m\u00e1s que una ilustraci\u00f3n: era una <strong>met\u00e1fora visual de la propuesta b\u00e1sica de cl\u00ednica de ideas.<\/strong> No solo encender la luz, sino aceptar las grietas, repararlas y dejar que esas cicatrices se conviertan en fuentes de fuerza y belleza.<\/p>\n\n\n\n<figure class=\"wp-block-image size-large\"><img loading=\"lazy\" decoding=\"async\" width=\"683\" height=\"1024\" src=\"https:\/\/advancys.com.ar\/blog-advancys\/wp-content\/uploads\/2025\/08\/Lamparita-Cerebro-683x1024.png\" alt=\"\" class=\"wp-image-2185\" srcset=\"https:\/\/advancys.com.ar\/blog-advancys\/wp-content\/uploads\/2025\/08\/Lamparita-Cerebro-683x1024.png 683w, https:\/\/advancys.com.ar\/blog-advancys\/wp-content\/uploads\/2025\/08\/Lamparita-Cerebro-200x300.png 200w, https:\/\/advancys.com.ar\/blog-advancys\/wp-content\/uploads\/2025\/08\/Lamparita-Cerebro-768x1152.png 768w, https:\/\/advancys.com.ar\/blog-advancys\/wp-content\/uploads\/2025\/08\/Lamparita-Cerebro-233x350.png 233w, https:\/\/advancys.com.ar\/blog-advancys\/wp-content\/uploads\/2025\/08\/Lamparita-Cerebro.png 1024w\" sizes=\"(max-width: 683px) 100vw, 683px\" \/><\/figure>\n\n\n\n<p>En esta experiencia confirm\u00e9 algo que para m\u00ed es clave:<\/p>\n\n\n\n<p>Si tomamos la decisi\u00f3n de usar la IA en forma conciente, el resultado es incre\u00edble. No solo nos permite ahorrar tiempo, sino que nos complementa y nos potencia, protegiendo lo m\u00e1s preciado, lo que nos hace humanos: la mente.<\/p>\n\n\n\n<p>El valor no est\u00e1 en pedirle respuestas instant\u00e1neas, sino en usarla para refinar preguntas, explorar ideas y construir sentido.<\/p>\n\n\n\n<p><strong>La creatividad no se delega: se comparte.<\/strong><\/p>\n\n\n\n<p>As\u00ed, esta ronda creativa termin\u00f3 dej\u00e1ndome m\u00e1s entusiasmo que dudas y una tercer imagen&nbsp;<\/p>\n\n\n\n<p>conceptual que representa la secuencia de las sesiones b\u00e1sicas de cl\u00ednica de ideas: <strong>fragilidad, reparaci\u00f3n y expansi\u00f3n.<\/strong> <\/p>\n\n\n\n<figure class=\"wp-block-image size-large\"><img loading=\"lazy\" decoding=\"async\" width=\"1024\" height=\"683\" src=\"https:\/\/advancys.com.ar\/blog-advancys\/wp-content\/uploads\/2025\/08\/Triptico-CDI-1024x683.png\" alt=\"\" class=\"wp-image-2186\" srcset=\"https:\/\/advancys.com.ar\/blog-advancys\/wp-content\/uploads\/2025\/08\/Triptico-CDI-1024x683.png 1024w, https:\/\/advancys.com.ar\/blog-advancys\/wp-content\/uploads\/2025\/08\/Triptico-CDI-300x200.png 300w, https:\/\/advancys.com.ar\/blog-advancys\/wp-content\/uploads\/2025\/08\/Triptico-CDI-768x512.png 768w, https:\/\/advancys.com.ar\/blog-advancys\/wp-content\/uploads\/2025\/08\/Triptico-CDI-525x350.png 525w, https:\/\/advancys.com.ar\/blog-advancys\/wp-content\/uploads\/2025\/08\/Triptico-CDI.png 1536w\" sizes=\"(max-width: 1024px) 100vw, 1024px\" \/><\/figure>\n\n\n\n<p>Lo importante es que m\u00e1s que un resultado gr\u00e1fico, fue una demostraci\u00f3n de que podemos trabajar con la IA para potenciar tanto la mente racional como la creativa.<\/p>\n\n\n\n<p><strong>Sugerencias \u2013 Us\u00e1 la IA en forma conciente y ponele contexto:<\/strong><\/p>\n\n\n\n<p>\u00bfPara qu\u00e9 la vas a usar?,<\/p>\n\n\n\n<p>\u00bfC\u00f3mo vas a usarla?,<\/p>\n\n\n\n<p>\u00bfQu\u00e9 necesita la gente seg\u00fan d\u00f3nde la uses?<\/p>\n\n\n\n<p>Y, lo m\u00e1s importante: tener presente en todo momento que <strong>la IA no es un programa de computaci\u00f3n \u201ctradicional\u201d. No es como usar Excel, Word, o un bot autom\u00e1tico.<\/strong><\/p>\n\n\n\n<p>\u00bfCu\u00e1l es la diferencia?. B\u00e1sicamente dos cosas de suma importancia para los humanos: <strong>la IA usa<\/strong> <strong>redes neuronales artificiales<\/strong> para simular facultades cognitivas del ser humano y el <strong>aprendizaje profundo<\/strong> (aprende m\u00e1s all\u00e1 del entrenamiento que tenga). Esto implica un cambio cultural y un desaf\u00edo para la humanidad que no se parece a ning\u00fan otro. Es un tema para encararlo con la seriedad y la profundidad que merece todo lo que implica proteger lo humano.<\/p>\n\n\n\n<p>Podemos superar el desaf\u00edo!<\/p>\n\n\n\n<p><strong>Porque Innovar es Integrar.<\/strong><\/p>\n\n\n\n<p><strong>Y se puede tener una experiencia de creatividad mental con IA, conservando la esencia y la autonom\u00eda.<\/strong><\/p>\n","protected":false},"excerpt":{"rendered":"<p>Hoy quiero contar una an\u00e9cdota personal que no es sobre la inteligencia artificial en s\u00ed, sino sobre un uso particular, estrat\u00e9gico y conciente: el lugar de la IA es asistir,&nbsp; amplificar la visi\u00f3n y complementar habilidades humanas, respetando la esencia. Aclaro que \u201cconverso\u201d con la IA, en forma escrita (al &hellip;<\/p>\n","protected":false},"author":2,"featured_media":0,"comment_status":"closed","ping_status":"closed","sticky":false,"template":"","format":"standard","meta":{"footnotes":""},"categories":[25,26,24,23,119,1],"tags":[208,206,209,67,36,47,51,45,19,77,48,39,55],"class_list":["post-2183","post","type-post","status-publish","format-standard","hentry","category-creatividad-e-innovacion","category-decisiones-y-negociaciones","category-marcas","category-negocios","category-salud-financiera","category-varios","tag-iausoconciente","tag-innovologia-yoinnovo","tag-kintsugi","tag-clinica-de-ideas","tag-decisiones","tag-ejecutivos","tag-emprendedores","tag-gestion","tag-innovacion","tag-inteligencia-artificial","tag-lideres","tag-mente","tag-tecnologia"],"_links":{"self":[{"href":"https:\/\/advancys.com.ar\/blog-advancys\/wp-json\/wp\/v2\/posts\/2183"}],"collection":[{"href":"https:\/\/advancys.com.ar\/blog-advancys\/wp-json\/wp\/v2\/posts"}],"about":[{"href":"https:\/\/advancys.com.ar\/blog-advancys\/wp-json\/wp\/v2\/types\/post"}],"author":[{"embeddable":true,"href":"https:\/\/advancys.com.ar\/blog-advancys\/wp-json\/wp\/v2\/users\/2"}],"replies":[{"embeddable":true,"href":"https:\/\/advancys.com.ar\/blog-advancys\/wp-json\/wp\/v2\/comments?post=2183"}],"version-history":[{"count":1,"href":"https:\/\/advancys.com.ar\/blog-advancys\/wp-json\/wp\/v2\/posts\/2183\/revisions"}],"predecessor-version":[{"id":2187,"href":"https:\/\/advancys.com.ar\/blog-advancys\/wp-json\/wp\/v2\/posts\/2183\/revisions\/2187"}],"wp:attachment":[{"href":"https:\/\/advancys.com.ar\/blog-advancys\/wp-json\/wp\/v2\/media?parent=2183"}],"wp:term":[{"taxonomy":"category","embeddable":true,"href":"https:\/\/advancys.com.ar\/blog-advancys\/wp-json\/wp\/v2\/categories?post=2183"},{"taxonomy":"post_tag","embeddable":true,"href":"https:\/\/advancys.com.ar\/blog-advancys\/wp-json\/wp\/v2\/tags?post=2183"}],"curies":[{"name":"wp","href":"https:\/\/api.w.org\/{rel}","templated":true}]}}