{"id":2199,"date":"2025-12-03T13:31:42","date_gmt":"2025-12-03T16:31:42","guid":{"rendered":"https:\/\/advancys.com.ar\/blog-advancys\/?p=2199"},"modified":"2025-12-03T13:31:43","modified_gmt":"2025-12-03T16:31:43","slug":"%f0%9f%a4%94-de-que-hablamos-cuando-hablamos-de-gestion-del-cambio%e2%81%a3","status":"publish","type":"post","link":"https:\/\/advancys.com.ar\/blog-advancys\/%f0%9f%a4%94-de-que-hablamos-cuando-hablamos-de-gestion-del-cambio%e2%81%a3\/","title":{"rendered":"\ud83e\udd14 \u00bfDe qu\u00e9 hablamos cuando hablamos de \u201cgesti\u00f3n del cambio\u201d?\u2063"},"content":{"rendered":"\n<p><strong>No del cambio que ya pas\u00f3.\u2063<\/strong><\/p>\n\n\n\n<p><strong>Hablamos de lo que ocurre cuando la vida te desacomoda:\u2063<\/strong><\/p>\n\n\n\n<p><strong>una sociedad que se quiebra, un socio que se va, una p\u00e9rdida, una mudanza, una crisis\u2026\u2063<\/strong><\/p>\n\n\n\n<p><strong>o una oportunidad tan grande que te exige convertirte en alguien distinto.\u2063<\/strong><\/p>\n\n\n\n<p><strong>\ud83d\udc49<\/strong><strong> El cambio real no est\u00e1 afuera.\u2063<\/strong><\/p>\n\n\n\n<p><strong>Sucede adentro:\u2063<\/strong><\/p>\n\n\n\n<p><strong>en c\u00f3mo reorganiz\u00e1s tu mente, tus prioridades y tu energ\u00eda cuando lo estable dej\u00f3 de serlo.\u2063<\/strong><\/p>\n\n\n\n<p><strong>El problema es que seguimos intentando gestionarlo con l\u00f3gicas racionales,\u2063<\/strong><\/p>\n\n\n\n<p><strong>en un mundo donde lo que tiene m\u00e1s poder no se ve.\u2063<\/strong><\/p>\n\n\n\n<p><strong>\ud83d\udcf2<\/strong><strong> Las TIC, la IA, la hiperconectividad\u2026 volvieron todo intangible.\u2063<\/strong><\/p>\n\n\n\n<p><strong>Y lo que hoy mueve la aguja no es lo visible:\u2063<\/strong><\/p>\n\n\n\n<p><strong>son las emociones, la intuici\u00f3n, la sensibilidad, las relaciones, los v\u00ednculos, la capacidad de decidir en lo incierto.\u2063<\/strong><\/p>\n\n\n\n<figure class=\"wp-block-video\"><video controls src=\"https:\/\/advancys.com.ar\/blog-advancys\/wp-content\/uploads\/2025\/12\/UnaGestionDistinta-MundoInedito.mp4\"><\/video><\/figure>\n\n\n\n<p><strong>Nadie nos entren\u00f3 para manejar eso, sumado al contexto at\u00edpico.\u2063<\/strong><\/p>\n\n\n\n<p><strong>Pero es ah\u00ed donde se define qui\u00e9n se derrumba y qui\u00e9n salta.\u2063<\/strong><\/p>\n\n\n\n<p><strong>\ud83c\udf1f<\/strong><strong> <\/strong><strong>\ud83c\udf08<\/strong><strong> Una Gesti\u00f3n Distinta no sigue ideas viejas, no pelea con el caos.\u2063<\/strong><\/p>\n\n\n\n<p><strong>\u201cAjusta las velas\u201d, como hace el marino en la tormenta.\u2063<\/strong><\/p>\n\n\n\n<p><strong>Y es ah\u00ed, donde aparece el poder humano:\u2063<\/strong><\/p>\n\n\n\n<p><strong>los recursos que ya est\u00e1n en vos \u2014solo que no los ves y no sabes c\u00f3mo se usan.\u2063<\/strong><\/p>\n\n\n\n<p><strong>\ud83d\udc49<\/strong><strong> Eso es lo que trabajamos juntos.\u2063<\/strong><\/p>\n\n\n\n<p><strong>Reordenar identidad (marcas), decisiones (individuales y conjuntas) y energ\u00eda\u2063<\/strong><\/p>\n\n\n\n<p><strong>para operar con potencia, criterio y eficacia en un mundo in\u00e9dito.\u2063<\/strong><\/p>\n\n\n\n<p><strong>\ud83d\udc49<\/strong><strong> No vendo soluciones enlatadas.\u2063<\/strong><\/p>\n\n\n\n<p><strong>Creo espacios donde las soluciones emergen.\u2063<\/strong><\/p>\n\n\n\n<p><strong>Donde lo invisible brinda informaci\u00f3n valiosa.\u2063<\/strong><\/p>\n\n\n\n<p><strong>\u270d\ufe0f<\/strong><strong> Si est\u00e1s listo\/a para trabajar desde ah\u00ed,\u2063<\/strong><\/p>\n\n\n\n<p><strong>Coment\u00e1 \u201cQuiero una gesti\u00f3n distinta\u201d\u2063<\/strong><\/p>\n\n\n\n<p><strong>y reservamos una consulta.\u2063<\/strong><\/p>\n\n\n\n<p><strong>El cambio que est\u00e1s viviendo puede ser una p\u00e9rdida\u2026 o un avance.\u2063<\/strong><\/p>\n\n\n\n<p><strong>La diferencia no es el evento.\u2063<\/strong><\/p>\n\n\n\n<p><strong>Es c\u00f3mo lo gestion\u00e1s.\u2063<\/strong><\/p>\n\n\n\n<p><\/p>\n\n\n\n<p><\/p>\n","protected":false},"excerpt":{"rendered":"<p>No del cambio que ya pas\u00f3.\u2063 Hablamos de lo que ocurre cuando la vida te desacomoda:\u2063 una sociedad que se quiebra, un socio que se va, una p\u00e9rdida, una mudanza, una crisis\u2026\u2063 o una oportunidad tan grande que te exige convertirte en alguien distinto.\u2063 \ud83d\udc49 El cambio real no est\u00e1 &hellip;<\/p>\n","protected":false},"author":2,"featured_media":0,"comment_status":"closed","ping_status":"closed","sticky":false,"template":"","format":"standard","meta":{"footnotes":""},"categories":[25,26,24,23],"tags":[67,36,47,51,45,19,77,48,39,55],"class_list":["post-2199","post","type-post","status-publish","format-standard","hentry","category-creatividad-e-innovacion","category-decisiones-y-negociaciones","category-marcas","category-negocios","tag-clinica-de-ideas","tag-decisiones","tag-ejecutivos","tag-emprendedores","tag-gestion","tag-innovacion","tag-inteligencia-artificial","tag-lideres","tag-mente","tag-tecnologia"],"_links":{"self":[{"href":"https:\/\/advancys.com.ar\/blog-advancys\/wp-json\/wp\/v2\/posts\/2199"}],"collection":[{"href":"https:\/\/advancys.com.ar\/blog-advancys\/wp-json\/wp\/v2\/posts"}],"about":[{"href":"https:\/\/advancys.com.ar\/blog-advancys\/wp-json\/wp\/v2\/types\/post"}],"author":[{"embeddable":true,"href":"https:\/\/advancys.com.ar\/blog-advancys\/wp-json\/wp\/v2\/users\/2"}],"replies":[{"embeddable":true,"href":"https:\/\/advancys.com.ar\/blog-advancys\/wp-json\/wp\/v2\/comments?post=2199"}],"version-history":[{"count":1,"href":"https:\/\/advancys.com.ar\/blog-advancys\/wp-json\/wp\/v2\/posts\/2199\/revisions"}],"predecessor-version":[{"id":2201,"href":"https:\/\/advancys.com.ar\/blog-advancys\/wp-json\/wp\/v2\/posts\/2199\/revisions\/2201"}],"wp:attachment":[{"href":"https:\/\/advancys.com.ar\/blog-advancys\/wp-json\/wp\/v2\/media?parent=2199"}],"wp:term":[{"taxonomy":"category","embeddable":true,"href":"https:\/\/advancys.com.ar\/blog-advancys\/wp-json\/wp\/v2\/categories?post=2199"},{"taxonomy":"post_tag","embeddable":true,"href":"https:\/\/advancys.com.ar\/blog-advancys\/wp-json\/wp\/v2\/tags?post=2199"}],"curies":[{"name":"wp","href":"https:\/\/api.w.org\/{rel}","templated":true}]}}