{"id":2203,"date":"2026-01-12T17:19:33","date_gmt":"2026-01-12T20:19:33","guid":{"rendered":"https:\/\/advancys.com.ar\/blog-advancys\/?p=2203"},"modified":"2026-01-16T15:20:04","modified_gmt":"2026-01-16T18:20:04","slug":"la-ia-como-herramienta-de-diagnostico-social-un-error-ontologico","status":"publish","type":"post","link":"https:\/\/advancys.com.ar\/blog-advancys\/la-ia-como-herramienta-de-diagnostico-social-un-error-ontologico\/","title":{"rendered":"La IA como herramienta de diagn\u00f3stico social. Un error ontol\u00f3gico."},"content":{"rendered":"\n<p><\/p>\n\n\n\n<p>Hoy el mundo est\u00e1 partido en dos: unos obsesionados con las \u00abfallas\u00bb de la IA (los sesgos, el dinero, la resistencia al cambio) y otros que, rozando el fanatismo, creen que la tecnolog\u00eda todo lo puede.<\/p>\n\n\n\n<p>Yo prefiero mirar la ra\u00edz. <strong>La causa no es t\u00e9cnica, es ontol\u00f3gica.<\/strong><\/p>\n\n\n\n<p><strong>El error de dise\u00f1o: \u00bfQu\u00e9 es el ser humano?<\/strong><\/p>\n\n\n\n<p>Al hablar de error ontol\u00f3gico, se\u00f1alo una falla de visi\u00f3n estructural: qui\u00e9nes dise\u00f1an la mayor\u00eda de los proyectos de IA (las grandes tech), se equivocaron de especie .<\/p>\n\n\n\n<p>Han abordado al ser humano como si fuera una computadora. Pensaron que al dar instrucciones correctas (inputs), obtendr\u00edan los resultados esperados (outputs). Solo buscan eficiencia.<\/p>\n\n\n\n<p><strong>Esa es la causa real del fracaso.<\/strong> una tecnolog\u00eda dise\u00f1ada para m\u00e1quinas, insertada en un organismo vivo que siente, duda, crea y tiene un enorme potencial a desarrollar, va directo al conflicto. La falta de aceptaci\u00f3n de la IA no es \u00abmiedo al futuro\u00bb, es una reacci\u00f3n de defensa natural ante \u201cun trasplante\u201d que no reconoce el tejido.\u00a0\u00a0\u00a0\u00a0<\/p>\n\n\n\n<p>&nbsp;&nbsp;&nbsp;&nbsp;&nbsp;&nbsp;&nbsp;&nbsp;&nbsp;&nbsp;&nbsp;&nbsp;&nbsp;&nbsp;&nbsp;&nbsp;&nbsp; &nbsp;El problema no es lo artificial; es la falta de compatibilidad.<\/p>\n\n\n\n<figure class=\"wp-block-image size-large\"><img loading=\"lazy\" decoding=\"async\" width=\"683\" height=\"1024\" src=\"https:\/\/advancys.com.ar\/blog-advancys\/wp-content\/uploads\/2026\/01\/IA-Errorontologico-683x1024.png\" alt=\"\" class=\"wp-image-2204\" srcset=\"https:\/\/advancys.com.ar\/blog-advancys\/wp-content\/uploads\/2026\/01\/IA-Errorontologico-683x1024.png 683w, https:\/\/advancys.com.ar\/blog-advancys\/wp-content\/uploads\/2026\/01\/IA-Errorontologico-200x300.png 200w, https:\/\/advancys.com.ar\/blog-advancys\/wp-content\/uploads\/2026\/01\/IA-Errorontologico-768x1152.png 768w, https:\/\/advancys.com.ar\/blog-advancys\/wp-content\/uploads\/2026\/01\/IA-Errorontologico-233x350.png 233w, https:\/\/advancys.com.ar\/blog-advancys\/wp-content\/uploads\/2026\/01\/IA-Errorontologico.png 1024w\" sizes=\"(max-width: 683px) 100vw, 683px\" \/><\/figure>\n\n\n\n<p>En la gesti\u00f3n de empresas com\u00fan y corriente, dicen que \u00abla gente se resiste al cambio\u00bb. Esa es la falla que ellos ven. Pero, como dec\u00eda Arist\u00f3teles, <em>\u00abno basta decir la verdad, conviene mostrar la causa de la falsedad\u00bb<\/em>.<\/p>\n\n\n\n<p><strong>La causa real es esta:<\/strong> la gente no se resiste a la innovaci\u00f3n, se resiste a que la deshumanicen.<\/p>\n\n\n\n<p>Cuando se siente valorada y acompa\u00f1ada, colabora con los procesos de cambio, transformaci\u00f3n e innovaci\u00f3n.<\/p>\n\n\n\n<h3 class=\"wp-block-heading\"><strong>Innovar no es reemplazar, es integrar.<\/strong><\/h3>\n\n\n\n<p>Muchos modelos fallan porque intentan \u00abinstalar\u00bb tecnolog\u00eda como quien mete un software en una m\u00e1quina vieja. Se olvidan de que est\u00e1n tratando con seres humanos, con personas que tienen sue\u00f1os, dudas y ganas de dejar un legado.<\/p>\n\n\n\n<p>La propuesta de una <strong>Gesti\u00f3n Innovadora, <\/strong>articula la m\u00e1quina con el desarrollo del ser. Trabaja para que la innovaci\u00f3n sea como un \u00f3rgano que el cuerpo acepta, no un pedazo de pl\u00e1stico que el organismo rechaza porque no lo reconoce.<\/p>\n\n\n\n<h3 class=\"wp-block-heading\"><strong>El L\u00edder: de \u00abempujar\u00bb a \u00abarticular\u00bb con coraje.<\/strong><\/h3>\n\n\n\n<p>El nuevo rol de quien lidera no es empujar tecnolog\u00eda a la fuerza. Es tener el coraje de asegurar la <strong>compatibilidad<\/strong>. Si el cambio trata a tu equipo como un objeto, tu proyecto est\u00e1 muerto antes de empezar. El \u00e9xito no est\u00e1 en el software, est\u00e1 en cu\u00e1nto se <strong>contribuye<\/strong> a que ese humano se desarrolle mientras usa la herramienta.<\/p>\n\n\n\n<p>Gestionar el cambio no es convencer a nadie de usar una app nueva. Es tener la visi\u00f3n para unir esa herramienta con la vida misma.<\/p>\n\n\n\n<h3 class=\"wp-block-heading\"><strong>El equilibrio en medio del caos<\/strong><strong><\/strong><\/h3>\n\n\n\n<p>En <strong>Cl\u00ednica de Ideas<\/strong>, se crean espacios para gestionar ideas que respeten la vida. Si el cambio no te integra a vos, no es innovaci\u00f3n; es solo obsolescencia programada, no ya de computadoras, sino de personas.<\/p>\n\n\n\n<p>No se trata de aprender a usar IA. Se trata de redise\u00f1ar la gesti\u00f3n para que la IA est\u00e9 al servicios de la gente, y no al rev\u00e9s. Si queremos que esto funcione, la receta no es t\u00e9cnica, es humana.<\/p>\n\n\n\n<p>Es hora de dejar de atacar a las personas y empezar a potenciarlas. La IA es la oportunidad perfecta para revisar nuestras ideas, renovar la forma de gestionar y, finalmente, <strong>innovar integrando<\/strong>.<\/p>\n","protected":false},"excerpt":{"rendered":"<p>Hoy el mundo est\u00e1 partido en dos: unos obsesionados con las \u00abfallas\u00bb de la IA (los sesgos, el dinero, la resistencia al cambio) y otros que, rozando el fanatismo, creen que la tecnolog\u00eda todo lo puede. Yo prefiero mirar la ra\u00edz. La causa no es t\u00e9cnica, es ontol\u00f3gica. El error &hellip;<\/p>\n","protected":false},"author":2,"featured_media":0,"comment_status":"closed","ping_status":"closed","sticky":false,"template":"","format":"standard","meta":{"footnotes":""},"categories":[25,26,24,23,1],"tags":[67,47,77,48,39,55],"class_list":["post-2203","post","type-post","status-publish","format-standard","hentry","category-creatividad-e-innovacion","category-decisiones-y-negociaciones","category-marcas","category-negocios","category-varios","tag-clinica-de-ideas","tag-ejecutivos","tag-inteligencia-artificial","tag-lideres","tag-mente","tag-tecnologia"],"_links":{"self":[{"href":"https:\/\/advancys.com.ar\/blog-advancys\/wp-json\/wp\/v2\/posts\/2203"}],"collection":[{"href":"https:\/\/advancys.com.ar\/blog-advancys\/wp-json\/wp\/v2\/posts"}],"about":[{"href":"https:\/\/advancys.com.ar\/blog-advancys\/wp-json\/wp\/v2\/types\/post"}],"author":[{"embeddable":true,"href":"https:\/\/advancys.com.ar\/blog-advancys\/wp-json\/wp\/v2\/users\/2"}],"replies":[{"embeddable":true,"href":"https:\/\/advancys.com.ar\/blog-advancys\/wp-json\/wp\/v2\/comments?post=2203"}],"version-history":[{"count":2,"href":"https:\/\/advancys.com.ar\/blog-advancys\/wp-json\/wp\/v2\/posts\/2203\/revisions"}],"predecessor-version":[{"id":2206,"href":"https:\/\/advancys.com.ar\/blog-advancys\/wp-json\/wp\/v2\/posts\/2203\/revisions\/2206"}],"wp:attachment":[{"href":"https:\/\/advancys.com.ar\/blog-advancys\/wp-json\/wp\/v2\/media?parent=2203"}],"wp:term":[{"taxonomy":"category","embeddable":true,"href":"https:\/\/advancys.com.ar\/blog-advancys\/wp-json\/wp\/v2\/categories?post=2203"},{"taxonomy":"post_tag","embeddable":true,"href":"https:\/\/advancys.com.ar\/blog-advancys\/wp-json\/wp\/v2\/tags?post=2203"}],"curies":[{"name":"wp","href":"https:\/\/api.w.org\/{rel}","templated":true}]}}