{"id":2219,"date":"2026-03-11T12:35:11","date_gmt":"2026-03-11T15:35:11","guid":{"rendered":"https:\/\/advancys.com.ar\/blog-advancys\/?p=2219"},"modified":"2026-03-11T12:41:06","modified_gmt":"2026-03-11T15:41:06","slug":"liderar-cambios-no-alcanza-con-capacitar","status":"publish","type":"post","link":"https:\/\/advancys.com.ar\/blog-advancys\/liderar-cambios-no-alcanza-con-capacitar\/","title":{"rendered":"Liderar cambios: no alcanza con capacitar."},"content":{"rendered":"\n<h2 class=\"wp-block-heading\"><em><strong>Decidir y gestionar con autonom\u00eda en contextos complejos<\/strong><\/em>.<\/h2>\n\n\n\n<p><\/p>\n\n\n\n<p><strong>Tenemos de todo y faltan soluciones reales.<\/strong><strong><\/strong><\/p>\n\n\n<div class=\"wp-block-image\">\n<figure class=\"alignleft size-large is-resized\"><img loading=\"lazy\" decoding=\"async\" width=\"683\" height=\"1024\" src=\"https:\/\/advancys.com.ar\/blog-advancys\/wp-content\/uploads\/2026\/03\/TenemosdeTodo-683x1024.png\" alt=\"\" class=\"wp-image-2220\" style=\"width:484px;height:auto\" srcset=\"https:\/\/advancys.com.ar\/blog-advancys\/wp-content\/uploads\/2026\/03\/TenemosdeTodo-683x1024.png 683w, https:\/\/advancys.com.ar\/blog-advancys\/wp-content\/uploads\/2026\/03\/TenemosdeTodo-200x300.png 200w, https:\/\/advancys.com.ar\/blog-advancys\/wp-content\/uploads\/2026\/03\/TenemosdeTodo-768x1152.png 768w, https:\/\/advancys.com.ar\/blog-advancys\/wp-content\/uploads\/2026\/03\/TenemosdeTodo-233x350.png 233w, https:\/\/advancys.com.ar\/blog-advancys\/wp-content\/uploads\/2026\/03\/TenemosdeTodo.png 1024w\" sizes=\"(max-width: 683px) 100vw, 683px\" \/><\/figure><\/div>\n\n\n<p>Hay cada vez m\u00e1s ideas, <strong>exceso de informaci\u00f3n <\/strong>y tecnolog\u00eda de vanguardia<strong>, <\/strong>pero faltan soluciones reales, por dificultades para <strong>integrar, decidir y gestionar con criterio de realidad<\/strong>.<\/p>\n\n\n\n<p>Ese es el problema.<\/p>\n\n\n\n<p>Durante d\u00e9cadas apostamos a la capacitaci\u00f3n: cursos, metodolog\u00edas, herramientas, programas de liderazgo. Todo eso tiene valor, especialmente cuando se trata de resolver temas t\u00e9cnicos.<\/p>\n\n\n\n<p>Pero el contexto actual est\u00e1 mostrando un l\u00edmite evidente.<\/p>\n\n\n\n<p><\/p>\n\n\n\n<p><strong>No alcanza con capacitar.<\/strong><\/p>\n\n\n\n<p>Hay que transitar procesos humanos de evoluci\u00f3n interna.<\/p>\n\n\n\n<p>El avance de nuevas tecnolog\u00edas, especialmente la inteligencia artificial, no demanda una simple adaptaci\u00f3n. <strong>Se trata de recuperar autonom\u00eda intelectual y emocional.<\/strong><\/p>\n\n\n\n<p>Eso no viene de afuera.<\/p>\n\n\n\n<p>En ese contexto aparece algo que suele pasar desapercibido: <strong>confusi\u00f3n conceptual<\/strong>.<\/p>\n\n\n\n<p>Si las ideas con las que pensamos son confusas, tambi\u00e9n lo ser\u00e1n las decisiones, las estrategias y las respuestas ante los cambios.<\/p>\n\n\n\n<p>Por eso el punto de partida no es sumar m\u00e1s informaci\u00f3n.<\/p>\n\n\n\n<p>Tampoco tecnolog\u00eda sin reorganizaci\u00f3n.<\/p>\n\n\n\n<p>Es <strong>claridad de ideas<\/strong>.<\/p>\n\n\n\n<p>Salir de la confusi\u00f3n conceptual es una condici\u00f3n necesaria para poder decidir y gestionar con criterio de realidad y el prop\u00f3sito de liderar cambios, mediante servicios externos.<\/p>\n\n\n\n<p>Pero hay algo m\u00e1s: es el dise\u00f1o de sistemas. No sos vos.<\/p>\n\n\n\n<p>Durante a\u00f1os los cambios en las organizaciones se dise\u00f1aron siguiendo una l\u00f3gica bastante conocida:<\/p>\n\n\n\n<p><strong>tecnolog\u00eda <\/strong><strong>\u2192<\/strong><strong>&nbsp; procesos <\/strong><strong>\u2192<\/strong><strong> capacitaci\u00f3n <\/strong><strong>\u2192<\/strong><strong> <\/strong><strong>personas<\/strong><\/p>\n\n\n\n<p>El modelo prioriza lo racional y la tecnolog\u00eda.<br>Despu\u00e9s se dise\u00f1an herramientas y procesos.<br>Y finalmente las personas deben adaptarse.<\/p>\n\n\n\n<p>Ese enfoque produjo avances importantes, pero tambi\u00e9n empez\u00f3 a mostrar l\u00edmites.<\/p>\n\n\n\n<p>Si ocurre un fen\u00f3meno general y progresivo, como es que las personas se saturan, se confunden o pierden capacidad de atenci\u00f3n, el problema no est\u00e1 en las personas.<\/p>\n\n\n\n<p>Estamos ante una se\u00f1al de la necesidad de <strong>revisar el dise\u00f1o de sistemas y cuestionar el statu quo.<\/strong><\/p>\n\n\n\n<p>Porque, en un mundo invadido por pantallas \u2014\u201cdise\u00f1adas para ser irresistibles\u201d, como se\u00f1ala el historiador Yuval Noah Harari\u2014 la atenci\u00f3n se fragmenta y la comprensi\u00f3n se vuelve m\u00e1s dif\u00edcil.<\/p>\n\n\n<div class=\"wp-block-image\">\n<figure class=\"alignleft size-large is-resized\"><img loading=\"lazy\" decoding=\"async\" width=\"683\" height=\"1024\" src=\"https:\/\/advancys.com.ar\/blog-advancys\/wp-content\/uploads\/2026\/03\/ModeloCDI-LiderarCambios-683x1024.png\" alt=\"\" class=\"wp-image-2221\" style=\"width:508px;height:auto\" srcset=\"https:\/\/advancys.com.ar\/blog-advancys\/wp-content\/uploads\/2026\/03\/ModeloCDI-LiderarCambios-683x1024.png 683w, https:\/\/advancys.com.ar\/blog-advancys\/wp-content\/uploads\/2026\/03\/ModeloCDI-LiderarCambios-200x300.png 200w, https:\/\/advancys.com.ar\/blog-advancys\/wp-content\/uploads\/2026\/03\/ModeloCDI-LiderarCambios-768x1152.png 768w, https:\/\/advancys.com.ar\/blog-advancys\/wp-content\/uploads\/2026\/03\/ModeloCDI-LiderarCambios-233x350.png 233w, https:\/\/advancys.com.ar\/blog-advancys\/wp-content\/uploads\/2026\/03\/ModeloCDI-LiderarCambios.png 1024w\" sizes=\"(max-width: 683px) 100vw, 683px\" \/><\/figure><\/div>\n\n\n<p><\/p>\n\n\n\n<p>Por eso propongo empezar al rev\u00e9s:<\/p>\n\n\n\n<p><strong>observar la realidad y las tensiones que aparecen en las personas para repensar los dise\u00f1os.<\/strong><\/p>\n\n\n\n<p>Si el sistema no mejora la calidad de vida de la la gente, algo no funciona: hay que revisar el dise\u00f1o y no forzar la adaptaci\u00f3n.<\/p>\n\n\n\n<p>Esa es la idea central.<\/p>\n\n\n\n<p><strong><em>Visi\u00f3n y&nbsp; metodolog\u00eda integradora<\/em><\/strong><\/p>\n\n\n\n<p>Por mi naturaleza nunca segu\u00ed al reba\u00f1o y estoy habituada a lidiar con la complejidad y la incertidumbre.<\/p>\n\n\n\n<p><\/p>\n\n\n\n<p class=\"has-text-align-left\">As\u00ed aprend\u00ed algo importante:<\/p>\n\n\n\n<p><strong>evolucionamos por las tensiones y por las diferencias, no por eliminarlas.<\/strong><\/p>\n\n\n\n<p>Aprendemos por contraste.<\/p>\n\n\n\n<p>El cerebro entiende los contrastes de forma natural:<\/p>\n\n\n\n<p>\u2022 calor \/ fr\u00edo<br>\u2022 luz \/ oscuridad<br>\u2022 positivo \/ negativo<br>\u2022 amor \/ odio<\/p>\n\n\n\n<p>El mundo no funciona con una sola idea.<\/p>\n\n\n\n<p>Funciona resolviendo <strong>tensiones entre ideas diferentes<\/strong>.<\/p>\n\n\n\n<p>Sin embargo, la mayor\u00eda de las personas, ante ideas opuestas, eligen una o discuten hasta que alguien gane.<\/p>\n\n\n\n<p>Ese mecanismo distorsiona la realidad y por ende, no se avanza.<\/p>\n\n\n\n<p><strong>Los contrastes no son un problema a resolver.<br>Son informaci\u00f3n sobre c\u00f3mo funciona la realidad.<\/strong><\/p>\n\n\n\n<p><strong><em>Crear e innovar es crucial, en un mundo in\u00e9dito.<\/em><\/strong><\/p>\n\n\n\n<p><strong>Observar los contrastes e integrarlos<\/strong>, es un enfoque superador del modelo cl\u00e1sico de resoluci\u00f3n de problemas.<\/p>\n\n\n\n<p>La realidad es lo que es, no lo que nos gustar\u00eda. (Principio de primac\u00eda de la realidad).<\/p>\n\n\n\n<p>Cuando nos basamos en ese principio, ocurre algo importante:<\/p>\n\n\n\n<p>Dejamos de pelear con la realidad y nos enfocamos en las soluciones, integrando l\u00f3gicas racionales y nos <strong>reconectamos con la capacidad natural del cerebro para hacer asociaciones mentales diferentes<\/strong>.<\/p>\n\n\n\n<p>Eso es lo que llamamos creatividad.<\/p>\n\n\n\n<p>No es un fen\u00f3meno m\u00e1gico ni un talento reservado para unos pocos.<\/p>\n\n\n\n<p>Es una capacidad humana que se activa cuando bajamos la tensi\u00f3n nerviosa y conectamos con la curiosidad y las ganas de encontrar soluciones, aunque desde la mirada cl\u00e1sica parezca imposible.<\/p>\n\n\n\n<p>A partir de ah\u00ed comienza otro trabajo.<\/p>\n\n\n\n<p>Las nuevas asociaciones no son soluciones en s\u00ed mismas.<\/p>\n\n\n\n<p>Son <strong>hip\u00f3tesis que necesitan ser contrastadas con la realidad<\/strong>.<\/p>\n\n\n\n<p>El proceso de probar, corregir, y aprender, permite explorar qu\u00e9 ideas pueden funcionar en contextos concretos y forma parte del trabajo de innovaci\u00f3n.<\/p>\n\n\n\n<p>No como un ejercicio de imaginaci\u00f3n, sino como un proceso que busca <strong>soluciones viables.<\/strong><\/p>\n\n\n\n<p>Ese es el enfoque que gu\u00eda el modelo de <strong>Cl\u00ednica de Ideas<\/strong>.<\/p>\n\n\n\n<p>Un proceso que comienza observando contrastes, busca integrar perspectivas diferentes, saberes de distintos campos y permite trabajar los problemas con visi\u00f3n y metodolog\u00eda integradora, resolviendo as\u00ed los obst\u00e1culos de la fragmentaci\u00f3n.<\/p>\n\n\n\n<p>El objetivo no es acumular ideas.<\/p>\n\n\n\n<p>Es <strong>clarificar conceptos, integrar saberes de distintos campos y dise\u00f1ar soluciones que puedan ser probadas en la realidad<\/strong>.<\/p>\n\n\n\n<p>Liderar cambios no es solo gestionar proyectos.<\/p>\n\n\n\n<p>Tambi\u00e9n implica resistir a la tentaci\u00f3n de hacer una lectura superficial de los contextos complejos e in\u00e9ditos y tener coraje para cuestionar las ideas, destiladas de las emociones que puedan generar.<\/p>\n\n\n\n<p><strong>Innovar no es llenarse de tecnolog\u00eda.<br>Es integrarla sin debilitar lo humano.<\/strong><\/p>\n","protected":false},"excerpt":{"rendered":"<p>Decidir y gestionar con autonom\u00eda en contextos complejos. Tenemos de todo y faltan soluciones reales. Hay cada vez m\u00e1s ideas, exceso de informaci\u00f3n y tecnolog\u00eda de vanguardia, pero faltan soluciones reales, por dificultades para integrar, decidir y gestionar con criterio de realidad. Ese es el problema. Durante d\u00e9cadas apostamos a &hellip;<\/p>\n","protected":false},"author":2,"featured_media":0,"comment_status":"closed","ping_status":"closed","sticky":false,"template":"","format":"standard","meta":{"footnotes":""},"categories":[25,26,24,23,1],"tags":[115,215,217,95,218,216,50,76,72,55],"class_list":["post-2219","post","type-post","status-publish","format-standard","hentry","category-creatividad-e-innovacion","category-decisiones-y-negociaciones","category-marcas","category-negocios","category-varios","tag-cambios","tag-complejidad","tag-decidir","tag-gestionar","tag-humano","tag-incertidumbre","tag-innovar","tag-liderar","tag-proyectos","tag-tecnologia"],"_links":{"self":[{"href":"https:\/\/advancys.com.ar\/blog-advancys\/wp-json\/wp\/v2\/posts\/2219"}],"collection":[{"href":"https:\/\/advancys.com.ar\/blog-advancys\/wp-json\/wp\/v2\/posts"}],"about":[{"href":"https:\/\/advancys.com.ar\/blog-advancys\/wp-json\/wp\/v2\/types\/post"}],"author":[{"embeddable":true,"href":"https:\/\/advancys.com.ar\/blog-advancys\/wp-json\/wp\/v2\/users\/2"}],"replies":[{"embeddable":true,"href":"https:\/\/advancys.com.ar\/blog-advancys\/wp-json\/wp\/v2\/comments?post=2219"}],"version-history":[{"count":4,"href":"https:\/\/advancys.com.ar\/blog-advancys\/wp-json\/wp\/v2\/posts\/2219\/revisions"}],"predecessor-version":[{"id":2226,"href":"https:\/\/advancys.com.ar\/blog-advancys\/wp-json\/wp\/v2\/posts\/2219\/revisions\/2226"}],"wp:attachment":[{"href":"https:\/\/advancys.com.ar\/blog-advancys\/wp-json\/wp\/v2\/media?parent=2219"}],"wp:term":[{"taxonomy":"category","embeddable":true,"href":"https:\/\/advancys.com.ar\/blog-advancys\/wp-json\/wp\/v2\/categories?post=2219"},{"taxonomy":"post_tag","embeddable":true,"href":"https:\/\/advancys.com.ar\/blog-advancys\/wp-json\/wp\/v2\/tags?post=2219"}],"curies":[{"name":"wp","href":"https:\/\/api.w.org\/{rel}","templated":true}]}}